{"id":15803,"date":"2023-07-03T11:35:53","date_gmt":"2023-07-03T10:35:53","guid":{"rendered":"https:\/\/suasesport.com\/?p=15803"},"modified":"2023-07-03T19:04:34","modified_gmt":"2023-07-03T18:04:34","slug":"marina-galstyan-es-campeona-de-espana-benjamin-y-ainhoa-abad-gana-el-oro-en-manos-libres-alevin","status":"publish","type":"post","link":"https:\/\/suasesport.com\/es\/marina-galstyan-es-campeona-de-espana-benjamin-y-ainhoa-abad-gana-el-oro-en-manos-libres-alevin\/","title":{"rendered":"Marina Galstyan es campeona de Espa\u00f1a benjam\u00edn y Ainhoa Abad gana el oro en manos libres alev\u00edn \u00a0"},"content":{"rendered":"\n<p>El Campeonato de Espa\u00f1a Individual y por Autonom\u00edas de Gimnasia R\u00edtmica se ha disputado en Valencia del 28 al 2 de julio en el que han participado tres gimnastas de la Marina Alta, las dianenses Marina Galstyan y Ainhoa Abad con el CG Calpe y la calpina Yera Taranenko con Les Marines. Marina se ha proclamado campeona de Espa\u00f1a en categor\u00eda benjam\u00edn tras ganar el oro en aro y el bronce en manos libres, y ser primera en la final por aparatos. En categor\u00eda alev\u00edn participaron Ainhoa y Yera, la dianense quedaba s\u00e9ptima en la clasificaci\u00f3n general tras ser primera en manos libres, sexta en cuerda y sexta en aro, mientras que en las finales por aparatos era quinta en cuerda y octava en aro; y la calpina en la clasificaci\u00f3n general quedaba d\u00e9cimo s\u00e9ptima y sexta en la de open, donde quedaba sexta en aro, s\u00e9ptima en cuerda y octava en manos libres.<\/p>\n\n\n\n<p>MARINA GALSTYAN&nbsp;<\/p>\n\n\n\n<p>La dianense Marina Galstyan (CG Calpe) se ha proclamado campeona de Espa\u00f1a benjam\u00edn con un total de 38,200 puntos, tras firmar el tercer puesto en la general de manos libres (18,700) y primera en aro (19,500). En la final de aro por aparatos era la primera clasificada con 21,150 puntos.&nbsp;<\/p>\n\n\n\n<p>La Comunitat Valenciana en categor\u00eda benjam\u00edn quedaba cuarta clasificada de la general por autonom\u00edas. &nbsp;<\/p>\n\n\n\n<p>AINHOA ABAD&nbsp;<\/p>\n\n\n\n<p>La dianense Ainhoa AbaD (CG Calpe) quedaba s\u00e9ptima de la clasificaci\u00f3n general alev\u00edn con un total de 60,850 puntos. En el ejercicio de manos libres gan\u00f3 el oro con un total de 19,600 puntos; mientras era sexta en cuerda y aro con 20,600 y 20,650 puntos, respectivamente.  <\/p>\n\n\n\n<p>Adem\u00e1s se proclamaba campeona con la Comunitat Valenciana en la clasificaci\u00f3n general por autonom\u00edas.&nbsp;<\/p>\n\n\n\n<p>YERA TARANENKO<\/p>\n\n\n\n<p>La gimnasta de Les Marines, Yera Taranenko, finalizaba la d\u00e9cimo s\u00e9ptima de la clasificaci\u00f3n general alev\u00edn con 55,700 puntos. En la modalidad de manos libres quedaba octava en la clasificaci\u00f3n open con 17,350 puntos; en cuerda era s\u00e9ptima en open con 18,450, mientras que en aro era sexta en open con 19,600 puntos.&nbsp;<\/p>\n\n\n\n<p>Al igual que Ainhoa Abad tambi\u00e9n se proclama campeona con la Comunitat Valenciana en la general por autonom\u00edas.<\/p>\n\n\n\n<p><\/p>\n\n\n\n<p><\/p>\n\n\n\n<figure class=\"wp-block-gallery has-nested-images columns-default is-cropped wp-block-gallery-2 is-layout-flex wp-block-gallery-is-layout-flex\">\n<figure class=\"wp-block-image size-large\"><img loading=\"lazy\" decoding=\"async\" width=\"1024\" height=\"671\" data-id=\"15792\" src=\"https:\/\/suasesport.com\/wp-content\/uploads\/2023\/07\/IMG_8567-1024x671.jpg\" alt=\"\" class=\"wp-image-15792\" srcset=\"https:\/\/suasesport.com\/wp-content\/uploads\/2023\/07\/IMG_8567-1024x671.jpg 1024w, https:\/\/suasesport.com\/wp-content\/uploads\/2023\/07\/IMG_8567-300x196.jpg 300w, https:\/\/suasesport.com\/wp-content\/uploads\/2023\/07\/IMG_8567-768x503.jpg 768w, https:\/\/suasesport.com\/wp-content\/uploads\/2023\/07\/IMG_8567-1080x707.jpg 1080w, https:\/\/suasesport.com\/wp-content\/uploads\/2023\/07\/IMG_8567.jpg 1284w\" sizes=\"auto, (max-width: 1024px) 100vw, 1024px\" \/><\/figure>\n<\/figure>\n\n\n\n<p><\/p>\n\n\n\n<p><\/p>\n\n\n\n<figure class=\"wp-block-gallery has-nested-images columns-default is-cropped wp-block-gallery-3 is-layout-flex wp-block-gallery-is-layout-flex\">\n<figure class=\"wp-block-image size-large\"><img loading=\"lazy\" decoding=\"async\" width=\"819\" height=\"1024\" data-id=\"15794\" src=\"https:\/\/suasesport.com\/wp-content\/uploads\/2023\/07\/IMG_8568-819x1024.jpg\" alt=\"\" class=\"wp-image-15794\" srcset=\"https:\/\/suasesport.com\/wp-content\/uploads\/2023\/07\/IMG_8568-819x1024.jpg 819w, https:\/\/suasesport.com\/wp-content\/uploads\/2023\/07\/IMG_8568-240x300.jpg 240w, https:\/\/suasesport.com\/wp-content\/uploads\/2023\/07\/IMG_8568-768x960.jpg 768w, https:\/\/suasesport.com\/wp-content\/uploads\/2023\/07\/IMG_8568-1229x1536.jpg 1229w, https:\/\/suasesport.com\/wp-content\/uploads\/2023\/07\/IMG_8568-1080x1350.jpg 1080w, https:\/\/suasesport.com\/wp-content\/uploads\/2023\/07\/IMG_8568.jpg 1440w\" sizes=\"auto, (max-width: 819px) 100vw, 819px\" \/><\/figure>\n<\/figure>\n","protected":false},"excerpt":{"rendered":"<p>El Campeonato de Espa\u00f1a Individual y por Autonom\u00edas de Gimnasia R\u00edtmica se ha disputado en Valencia del 28 al 2 de julio en el que han participado tres gimnastas de la Marina Alta, las dianenses Marina Galstyan y Ainhoa Abad con el CG Calpe y la calpina Yera Taranenko con Les Marines. Marina se ha&hellip; <a class=\"more-link\" href=\"https:\/\/suasesport.com\/es\/marina-galstyan-es-campeona-de-espana-benjamin-y-ainhoa-abad-gana-el-oro-en-manos-libres-alevin\/\">Seguir leyendo <span class=\"screen-reader-text\">Marina Galstyan es campeona de Espa\u00f1a benjam\u00edn y Ainhoa Abad gana el oro en manos libres alev\u00edn \u00a0<\/span><\/a><\/p>\n","protected":false},"author":1,"featured_media":15805,"comment_status":"open","ping_status":"open","sticky":false,"template":"","format":"standard","meta":{"footnotes":""},"categories":[190,9],"tags":[],"class_list":["post-15803","post","type-post","status-publish","format-standard","has-post-thumbnail","hentry","category-gimnasia","category-mas-deporte","entry"],"_links":{"self":[{"href":"https:\/\/suasesport.com\/es\/wp-json\/wp\/v2\/posts\/15803","targetHints":{"allow":["GET"]}}],"collection":[{"href":"https:\/\/suasesport.com\/es\/wp-json\/wp\/v2\/posts"}],"about":[{"href":"https:\/\/suasesport.com\/es\/wp-json\/wp\/v2\/types\/post"}],"author":[{"embeddable":true,"href":"https:\/\/suasesport.com\/es\/wp-json\/wp\/v2\/users\/1"}],"replies":[{"embeddable":true,"href":"https:\/\/suasesport.com\/es\/wp-json\/wp\/v2\/comments?post=15803"}],"version-history":[{"count":6,"href":"https:\/\/suasesport.com\/es\/wp-json\/wp\/v2\/posts\/15803\/revisions"}],"predecessor-version":[{"id":15835,"href":"https:\/\/suasesport.com\/es\/wp-json\/wp\/v2\/posts\/15803\/revisions\/15835"}],"wp:featuredmedia":[{"embeddable":true,"href":"https:\/\/suasesport.com\/es\/wp-json\/wp\/v2\/media\/15805"}],"wp:attachment":[{"href":"https:\/\/suasesport.com\/es\/wp-json\/wp\/v2\/media?parent=15803"}],"wp:term":[{"taxonomy":"category","embeddable":true,"href":"https:\/\/suasesport.com\/es\/wp-json\/wp\/v2\/categories?post=15803"},{"taxonomy":"post_tag","embeddable":true,"href":"https:\/\/suasesport.com\/es\/wp-json\/wp\/v2\/tags?post=15803"}],"curies":[{"name":"wp","href":"https:\/\/api.w.org\/{rel}","templated":true}]}}