{"id":14780,"date":"2023-06-06T17:33:44","date_gmt":"2023-06-06T16:33:44","guid":{"rendered":"https:\/\/suasesport.com\/?p=14780"},"modified":"2023-06-06T17:54:11","modified_gmt":"2023-06-06T16:54:11","slug":"__trashed-3","status":"publish","type":"post","link":"https:\/\/suasesport.com\/es\/__trashed-3\/","title":{"rendered":"Los dianenses G\u00f3mez y Aledo reciben el reconocimiento de la federaci\u00f3n valenciana"},"content":{"rendered":"\n<p>Los dianenses Juli\u00e1n G\u00f3mez (Sociedad Deportiva de Pesca D\u00e9nia) y Marco Aledo (Club de Pesca Marina Alta), recibieron el reconocimiento de la Federaci\u00f3n de Pesca de la Comunidad Valenciana en su gala del deporte. G\u00f3mez como campe\u00f3n y Aledo como subcampe\u00f3n de Alicante recibieron las medallas y los diplomas acreditativos. Tambi\u00e9n hay que destacar que ambos participar\u00e1n, como representantes alicantinos, en el Campeonato de Espa\u00f1a que se celebrar\u00e1 en Cantabria en diciembre. <\/p>\n\n\n\n<p>En la gala, que se celebr\u00f3 en el Rte. Xiqueta II de Alicante el domingo pasado, la Federaci\u00f3n entreg\u00f3 los premios a los ganadores de los campeonatos provinciales, auton\u00f3micos y nacionales, as\u00ed como los reconocimientos a los deportistas que han participado en competiciones internacionales, as\u00ed como a  clubes y equipos que han destacado en sus disciplinas.&nbsp;<\/p>\n\n\n\n<p><\/p>\n\n\n\n<p><\/p>\n\n\n\n<figure class=\"wp-block-gallery has-nested-images columns-default is-cropped wp-block-gallery-2 is-layout-flex wp-block-gallery-is-layout-flex\">\n<figure class=\"wp-block-image size-large\"><img loading=\"lazy\" decoding=\"async\" width=\"747\" height=\"732\" data-id=\"14784\" src=\"https:\/\/suasesport.com\/wp-content\/uploads\/2023\/06\/07c69713-68ab-43d4-b0ed-61f721172832-2.jpg\" alt=\"\" class=\"wp-image-14784\" srcset=\"https:\/\/suasesport.com\/wp-content\/uploads\/2023\/06\/07c69713-68ab-43d4-b0ed-61f721172832-2.jpg 747w, https:\/\/suasesport.com\/wp-content\/uploads\/2023\/06\/07c69713-68ab-43d4-b0ed-61f721172832-2-300x294.jpg 300w\" sizes=\"auto, (max-width: 747px) 100vw, 747px\" \/><\/figure>\n<\/figure>\n","protected":false},"excerpt":{"rendered":"<p>Los dianenses Juli\u00e1n G\u00f3mez (Sociedad Deportiva de Pesca D\u00e9nia) y Marco Aledo (Club de Pesca Marina Alta), recibieron el reconocimiento de la Federaci\u00f3n de Pesca de la Comunidad Valenciana en su gala del deporte. G\u00f3mez como campe\u00f3n y Aledo como subcampe\u00f3n de Alicante recibieron las medallas y los diplomas acreditativos. Tambi\u00e9n hay que destacar que&hellip; <a class=\"more-link\" href=\"https:\/\/suasesport.com\/es\/__trashed-3\/\">Seguir leyendo <span class=\"screen-reader-text\">Los dianenses G\u00f3mez y Aledo reciben el reconocimiento de la federaci\u00f3n valenciana<\/span><\/a><\/p>\n","protected":false},"author":1,"featured_media":14782,"comment_status":"open","ping_status":"open","sticky":false,"template":"","format":"standard","meta":{"footnotes":""},"categories":[10,187],"tags":[],"class_list":["post-14780","post","type-post","status-publish","format-standard","has-post-thumbnail","hentry","category-acuaticos","category-pesca","entry"],"_links":{"self":[{"href":"https:\/\/suasesport.com\/es\/wp-json\/wp\/v2\/posts\/14780","targetHints":{"allow":["GET"]}}],"collection":[{"href":"https:\/\/suasesport.com\/es\/wp-json\/wp\/v2\/posts"}],"about":[{"href":"https:\/\/suasesport.com\/es\/wp-json\/wp\/v2\/types\/post"}],"author":[{"embeddable":true,"href":"https:\/\/suasesport.com\/es\/wp-json\/wp\/v2\/users\/1"}],"replies":[{"embeddable":true,"href":"https:\/\/suasesport.com\/es\/wp-json\/wp\/v2\/comments?post=14780"}],"version-history":[{"count":7,"href":"https:\/\/suasesport.com\/es\/wp-json\/wp\/v2\/posts\/14780\/revisions"}],"predecessor-version":[{"id":14799,"href":"https:\/\/suasesport.com\/es\/wp-json\/wp\/v2\/posts\/14780\/revisions\/14799"}],"wp:featuredmedia":[{"embeddable":true,"href":"https:\/\/suasesport.com\/es\/wp-json\/wp\/v2\/media\/14782"}],"wp:attachment":[{"href":"https:\/\/suasesport.com\/es\/wp-json\/wp\/v2\/media?parent=14780"}],"wp:term":[{"taxonomy":"category","embeddable":true,"href":"https:\/\/suasesport.com\/es\/wp-json\/wp\/v2\/categories?post=14780"},{"taxonomy":"post_tag","embeddable":true,"href":"https:\/\/suasesport.com\/es\/wp-json\/wp\/v2\/tags?post=14780"}],"curies":[{"name":"wp","href":"https:\/\/api.w.org\/{rel}","templated":true}]}}