{"id":14560,"date":"2023-05-31T18:26:57","date_gmt":"2023-05-31T17:26:57","guid":{"rendered":"https:\/\/suasesport.com\/?p=14560"},"modified":"2023-05-31T20:08:47","modified_gmt":"2023-05-31T19:08:47","slug":"el-equipo-amunt-del-cr-denia-participa-en-la-regata-nacional-bcs-de-malaga","status":"publish","type":"post","link":"https:\/\/suasesport.com\/es\/el-equipo-amunt-del-cr-denia-participa-en-la-regata-nacional-bcs-de-malaga\/","title":{"rendered":"El equipo SCM del CR D\u00e9nia participa en la Regata Nacional de M\u00e1laga"},"content":{"rendered":"\n<p>El equipo SCM del Club Rem Marina de D\u00e9nia participa en la primera Regata Nacional BCS que se celebra en M\u00e1laga este s\u00e1bado. Esta es la primera vez en la historia del remo espa\u00f1ol que se realiza una regata con mujeres que han padecido o padecen c\u00e1ncer de mama a nivel nacional.\u00a0<\/p>\n\n\n\n<p>La regata, que est\u00e1 organizada por el Real Club El Candado de M\u00e1laga en colaboraci\u00f3n con las federaciones Espa\u00f1ola y Andaluza de remo, contar\u00e1 con la participaci\u00f3n de m\u00e1s de ciento veinte mujeres de diferentes clubes de Galicia, Cantabria, Comunitat Valenciana, Andaluc\u00eda y Pa\u00eds Vasco.&nbsp;<\/p>\n\n\n\n<p>La presentaci\u00f3n de la regata se ha realizado hoy mi\u00e9rcoles en M\u00e1laga y a ella han asistido entre otros, Asunci\u00f3n Llorente, presidenta de la Federaci\u00f3n Espa\u00f1ola de Remo; Sonia D\u00edaz, representante de la Federaci\u00f3n Andaluza de Remo; Manuel Calder\u00f3n de Bonis, presidente del RC El Candado; y Juan Ruiz, director general del \u00e1rea de Deportes del Ayuntamiento de M\u00e1laga.<\/p>\n\n\n\n<p><\/p>\n","protected":false},"excerpt":{"rendered":"<p>El equipo SCM del Club Rem Marina de D\u00e9nia participa en la primera Regata Nacional BCS que se celebra en M\u00e1laga este s\u00e1bado. Esta es la primera vez en la historia del remo espa\u00f1ol que se realiza una regata con mujeres que han padecido o padecen c\u00e1ncer de mama a nivel nacional.\u00a0 La regata, que&hellip; <a class=\"more-link\" href=\"https:\/\/suasesport.com\/es\/el-equipo-amunt-del-cr-denia-participa-en-la-regata-nacional-bcs-de-malaga\/\">Seguir leyendo <span class=\"screen-reader-text\">El equipo SCM del CR D\u00e9nia participa en la Regata Nacional de M\u00e1laga<\/span><\/a><\/p>\n","protected":false},"author":1,"featured_media":14562,"comment_status":"open","ping_status":"open","sticky":false,"template":"","format":"standard","meta":{"footnotes":""},"categories":[10,16],"tags":[],"class_list":["post-14560","post","type-post","status-publish","format-standard","has-post-thumbnail","hentry","category-acuaticos","category-remo","entry"],"_links":{"self":[{"href":"https:\/\/suasesport.com\/es\/wp-json\/wp\/v2\/posts\/14560","targetHints":{"allow":["GET"]}}],"collection":[{"href":"https:\/\/suasesport.com\/es\/wp-json\/wp\/v2\/posts"}],"about":[{"href":"https:\/\/suasesport.com\/es\/wp-json\/wp\/v2\/types\/post"}],"author":[{"embeddable":true,"href":"https:\/\/suasesport.com\/es\/wp-json\/wp\/v2\/users\/1"}],"replies":[{"embeddable":true,"href":"https:\/\/suasesport.com\/es\/wp-json\/wp\/v2\/comments?post=14560"}],"version-history":[{"count":12,"href":"https:\/\/suasesport.com\/es\/wp-json\/wp\/v2\/posts\/14560\/revisions"}],"predecessor-version":[{"id":14581,"href":"https:\/\/suasesport.com\/es\/wp-json\/wp\/v2\/posts\/14560\/revisions\/14581"}],"wp:featuredmedia":[{"embeddable":true,"href":"https:\/\/suasesport.com\/es\/wp-json\/wp\/v2\/media\/14562"}],"wp:attachment":[{"href":"https:\/\/suasesport.com\/es\/wp-json\/wp\/v2\/media?parent=14560"}],"wp:term":[{"taxonomy":"category","embeddable":true,"href":"https:\/\/suasesport.com\/es\/wp-json\/wp\/v2\/categories?post=14560"},{"taxonomy":"post_tag","embeddable":true,"href":"https:\/\/suasesport.com\/es\/wp-json\/wp\/v2\/tags?post=14560"}],"curies":[{"name":"wp","href":"https:\/\/api.w.org\/{rel}","templated":true}]}}