{"id":1326,"date":"2022-07-23T12:30:19","date_gmt":"2022-07-23T12:30:19","guid":{"rendered":"https:\/\/suasesport.com\/?p=1326"},"modified":"2022-09-13T09:24:15","modified_gmt":"2022-09-13T09:24:15","slug":"pedro-garcia-gavila-es-el-nuevo-entrenador-del-equipo-senior-del-garbi-denia","status":"publish","type":"post","link":"https:\/\/suasesport.com\/es\/pedro-garcia-gavila-es-el-nuevo-entrenador-del-equipo-senior-del-garbi-denia\/","title":{"rendered":"Pedro Garc\u00eda, nuevo entrenador del s\u00e9nior del Garb\u00ed D\u00e9nia"},"content":{"rendered":"\n<p>Pedro Garc\u00eda Gavil\u00e1 es el entrenador del equipo s\u00e9nior del Garb\u00ed D\u00e9nia, que milita en Primera Auton\u00f3mica Masculina, para la temporada 2022-2023. La directiva ha mantenido una reuni\u00f3n y ha acordado que sea el m\u00e1ximo responsable del equipo. El nuevo t\u00e9cnico es un hombre de la casa, ya que ha sido jugador y entrenador en todas las categor\u00edas del club. Por eso, lo conoce a la perfecci\u00f3n y la directiva ha depositado su confianza en \u00e9l. <\/p>\n\n\n\n<p>APUNTATE AL BALONMANO <\/p>\n\n\n\n<p>El Garb\u00ed D\u00e9nia, un club con m\u00e1s de cuarenta a\u00f1os de historia, ha hecho un llamamiento para que ni\u00f1os y ni\u00f1as con edades comprendidas entre los 8 y los 18 a\u00f1os que les guste el balonmano se apunten formar parte de sus equipos. Las categor\u00edas en las que se pueden apuntar son las siguientes: benjam\u00edn (2013-2014), alev\u00edn (2011-2012), infantil (2009-2010), cadete (2007 y 2008) y juvenil (2005-2006). <\/p>\n\n\n\n<p>Los interesados pueden ponerse en contacto con el Garb\u00ed D\u00e9nia a trav\u00e9s de sus redes sociales: Garbi Denia en Facebook; @GarbiDenia en Twiter y en Instagram @cdgarbidenia. O escribiendo un correo electr\u00f3nico a garbidenia@gmail.com.<\/p>\n\n\n\n<p><\/p>\n\n\n\n<p><\/p>\n","protected":false},"excerpt":{"rendered":"<p>Pedro Garc\u00eda Gavil\u00e1 es el entrenador del equipo s\u00e9nior del Garb\u00ed D\u00e9nia, que milita en Primera Auton\u00f3mica Masculina, para la temporada 2022-2023. La directiva ha mantenido una reuni\u00f3n y ha acordado que sea el m\u00e1ximo responsable del equipo. El nuevo t\u00e9cnico es un hombre de la casa, ya que ha sido jugador y entrenador en&hellip; <a class=\"more-link\" href=\"https:\/\/suasesport.com\/es\/pedro-garcia-gavila-es-el-nuevo-entrenador-del-equipo-senior-del-garbi-denia\/\">Seguir leyendo <span class=\"screen-reader-text\">Pedro Garc\u00eda, nuevo entrenador del s\u00e9nior del Garb\u00ed D\u00e9nia<\/span><\/a><\/p>\n","protected":false},"author":1,"featured_media":1330,"comment_status":"open","ping_status":"open","sticky":false,"template":"","format":"standard","meta":{"footnotes":""},"categories":[18],"tags":[],"class_list":["post-1326","post","type-post","status-publish","format-standard","has-post-thumbnail","hentry","category-balonmano","entry"],"_links":{"self":[{"href":"https:\/\/suasesport.com\/es\/wp-json\/wp\/v2\/posts\/1326","targetHints":{"allow":["GET"]}}],"collection":[{"href":"https:\/\/suasesport.com\/es\/wp-json\/wp\/v2\/posts"}],"about":[{"href":"https:\/\/suasesport.com\/es\/wp-json\/wp\/v2\/types\/post"}],"author":[{"embeddable":true,"href":"https:\/\/suasesport.com\/es\/wp-json\/wp\/v2\/users\/1"}],"replies":[{"embeddable":true,"href":"https:\/\/suasesport.com\/es\/wp-json\/wp\/v2\/comments?post=1326"}],"version-history":[{"count":7,"href":"https:\/\/suasesport.com\/es\/wp-json\/wp\/v2\/posts\/1326\/revisions"}],"predecessor-version":[{"id":1341,"href":"https:\/\/suasesport.com\/es\/wp-json\/wp\/v2\/posts\/1326\/revisions\/1341"}],"wp:featuredmedia":[{"embeddable":true,"href":"https:\/\/suasesport.com\/es\/wp-json\/wp\/v2\/media\/1330"}],"wp:attachment":[{"href":"https:\/\/suasesport.com\/es\/wp-json\/wp\/v2\/media?parent=1326"}],"wp:term":[{"taxonomy":"category","embeddable":true,"href":"https:\/\/suasesport.com\/es\/wp-json\/wp\/v2\/categories?post=1326"},{"taxonomy":"post_tag","embeddable":true,"href":"https:\/\/suasesport.com\/es\/wp-json\/wp\/v2\/tags?post=1326"}],"curies":[{"name":"wp","href":"https:\/\/api.w.org\/{rel}","templated":true}]}}