{"id":12454,"date":"2023-04-26T17:43:07","date_gmt":"2023-04-26T16:43:07","guid":{"rendered":"https:\/\/suasesport.com\/?p=12454"},"modified":"2023-04-26T17:43:08","modified_gmt":"2023-04-26T16:43:08","slug":"los-dianenses-jose-adrian-verdu-y-beltran-gil-jugaran-el-campeonato-de-espana-sub-12","status":"publish","type":"post","link":"https:\/\/suasesport.com\/es\/los-dianenses-jose-adrian-verdu-y-beltran-gil-jugaran-el-campeonato-de-espana-sub-12\/","title":{"rendered":"Los dianenses Jos\u00e9 Adri\u00e1n Verd\u00fa y Beltr\u00e1n Gil jugar\u00e1n el Campeonato de Espa\u00f1a Sub 12 \u00a0"},"content":{"rendered":"\n<p>Los jugadores dianenses Jos\u00e9 Adri\u00e1n Verd\u00fa Paredes (CD Paidos D\u00e9nia) y Beltr\u00e1n Gil de G\u00f3mez Ferr\u00e1ndiz (CFS Dianense) jugar\u00e1n el Campeonato de Espa\u00f1a de Selecciones Auton\u00f3micas Sub 12&nbsp; (alev\u00edn) con la Selecci\u00f3n Valenciana. Verd\u00fa y Beltr\u00e1n han sido convidados por el seleccionador Toni Puerto para el nacional que se disputa del 3 al 7 de mayo en las localidades murcianas de San Javier y San Pedro del Pinatar.&nbsp;<\/p>\n\n\n\n<p>Catorce selecciones de categor\u00eda alev\u00edn son las que juegan el nacional, y han sido divididas en cuatro grupos.&nbsp; La Valenciana ha quedado encuadrada en el Grupo C junto con Madrid y Canarias. En el Grupo A est\u00e1n: Arag\u00f3n, Galicia, Melilla y Murcia; en el Grupo B: Baleares, Catalu\u00f1a, Ceuta y Castilla La Mancha; y en el Grupo D: Extremadura, Andaluc\u00eda y Castilla y Le\u00f3n. El campe\u00f3n de cada grupo disputar\u00e1 las semifinales y el vencedor de \u00e9stas la final.&nbsp;<\/p>\n\n\n\n<p>El campeonato se inicia el mi\u00e9rcoles pero como la Valenciana no juega hasta el jueves, ese d\u00eda lo aprovechar\u00e1 para entrenar en Pilar de la Horadada y despu\u00e9s por la tarde trasladarse a San Javier. Los valencianos debutan el jueves ante el perdedor del encuentro Madrid-Canarias y el viernes se enfrentaran al vencedor de ese partido. La Valenciana jugar\u00e1 sus partidos a las 13 horas, a excepci\u00f3n en caso de jugar la final que lo har\u00eda a las 13.30 horas.&nbsp;<\/p>\n\n\n\n<p>La Selecci\u00f3n Valenciana Sub 12 (alev\u00edn) por: Jos\u00e9 Adri\u00e1n Verd\u00fa Paredes (CD Paidos D\u00e9nia), Ernesto H. Bacharach (El Pilar Valencia), Luis Andreu (Exposici\u00f3n), Marko Dukic (At. Morvedre), Beltr\u00e1n Gil de G\u00f3mez Ferr\u00e1ndiz (CFS Dianense), I\u00f1aki P\u00e9rez (Pinoso Ath.), Hugo Ayelo (Nueva Elda), Alejandro Jorr\u00edn (Exposici\u00f3n), Ximo Sell\u00e9s (Alzira), Jacobo Correll (El Pilar Valencia), Sergio D. Monteanu (Segorbe) y Gonzalo Romero (Nueva Elda).&nbsp;<\/p>\n\n\n\n<figure class=\"wp-block-gallery has-nested-images columns-default is-cropped wp-block-gallery-2 is-layout-flex wp-block-gallery-is-layout-flex\">\n<figure class=\"wp-block-image size-large\"><img loading=\"lazy\" decoding=\"async\" width=\"768\" height=\"1024\" data-id=\"12446\" src=\"https:\/\/suasesport.com\/wp-content\/uploads\/2023\/04\/0e0f56cb-5775-4aec-8494-c748277779a8.jpg\" alt=\"\" class=\"wp-image-12446\" srcset=\"https:\/\/suasesport.com\/wp-content\/uploads\/2023\/04\/0e0f56cb-5775-4aec-8494-c748277779a8.jpg 768w, https:\/\/suasesport.com\/wp-content\/uploads\/2023\/04\/0e0f56cb-5775-4aec-8494-c748277779a8-225x300.jpg 225w\" sizes=\"auto, (max-width: 768px) 100vw, 768px\" \/><\/figure>\n\n\n\n<figure class=\"wp-block-image size-large\"><img loading=\"lazy\" decoding=\"async\" width=\"814\" height=\"1024\" data-id=\"12461\" src=\"https:\/\/suasesport.com\/wp-content\/uploads\/2023\/04\/1defe955-bb5d-4d7d-8c02-7d005225a877-2-814x1024.jpg\" alt=\"\" class=\"wp-image-12461\" srcset=\"https:\/\/suasesport.com\/wp-content\/uploads\/2023\/04\/1defe955-bb5d-4d7d-8c02-7d005225a877-2-814x1024.jpg 814w, https:\/\/suasesport.com\/wp-content\/uploads\/2023\/04\/1defe955-bb5d-4d7d-8c02-7d005225a877-2-238x300.jpg 238w, https:\/\/suasesport.com\/wp-content\/uploads\/2023\/04\/1defe955-bb5d-4d7d-8c02-7d005225a877-2-768x967.jpg 768w, https:\/\/suasesport.com\/wp-content\/uploads\/2023\/04\/1defe955-bb5d-4d7d-8c02-7d005225a877-2.jpg 858w\" sizes=\"auto, (max-width: 814px) 100vw, 814px\" \/><\/figure>\n<\/figure>\n","protected":false},"excerpt":{"rendered":"<p>Los jugadores dianenses Jos\u00e9 Adri\u00e1n Verd\u00fa Paredes (CD Paidos D\u00e9nia) y Beltr\u00e1n Gil de G\u00f3mez Ferr\u00e1ndiz (CFS Dianense) jugar\u00e1n el Campeonato de Espa\u00f1a de Selecciones Auton\u00f3micas Sub 12&nbsp; (alev\u00edn) con la Selecci\u00f3n Valenciana. Verd\u00fa y Beltr\u00e1n han sido convidados por el seleccionador Toni Puerto para el nacional que se disputa del 3 al 7 de&hellip; <a class=\"more-link\" href=\"https:\/\/suasesport.com\/es\/los-dianenses-jose-adrian-verdu-y-beltran-gil-jugaran-el-campeonato-de-espana-sub-12\/\">Seguir leyendo <span class=\"screen-reader-text\">Los dianenses Jos\u00e9 Adri\u00e1n Verd\u00fa y Beltr\u00e1n Gil jugar\u00e1n el Campeonato de Espa\u00f1a Sub 12 \u00a0<\/span><\/a><\/p>\n","protected":false},"author":1,"featured_media":12463,"comment_status":"open","ping_status":"open","sticky":false,"template":"","format":"standard","meta":{"footnotes":""},"categories":[7],"tags":[],"class_list":["post-12454","post","type-post","status-publish","format-standard","has-post-thumbnail","hentry","category-f-sala","entry"],"_links":{"self":[{"href":"https:\/\/suasesport.com\/es\/wp-json\/wp\/v2\/posts\/12454","targetHints":{"allow":["GET"]}}],"collection":[{"href":"https:\/\/suasesport.com\/es\/wp-json\/wp\/v2\/posts"}],"about":[{"href":"https:\/\/suasesport.com\/es\/wp-json\/wp\/v2\/types\/post"}],"author":[{"embeddable":true,"href":"https:\/\/suasesport.com\/es\/wp-json\/wp\/v2\/users\/1"}],"replies":[{"embeddable":true,"href":"https:\/\/suasesport.com\/es\/wp-json\/wp\/v2\/comments?post=12454"}],"version-history":[{"count":5,"href":"https:\/\/suasesport.com\/es\/wp-json\/wp\/v2\/posts\/12454\/revisions"}],"predecessor-version":[{"id":12476,"href":"https:\/\/suasesport.com\/es\/wp-json\/wp\/v2\/posts\/12454\/revisions\/12476"}],"wp:featuredmedia":[{"embeddable":true,"href":"https:\/\/suasesport.com\/es\/wp-json\/wp\/v2\/media\/12463"}],"wp:attachment":[{"href":"https:\/\/suasesport.com\/es\/wp-json\/wp\/v2\/media?parent=12454"}],"wp:term":[{"taxonomy":"category","embeddable":true,"href":"https:\/\/suasesport.com\/es\/wp-json\/wp\/v2\/categories?post=12454"},{"taxonomy":"post_tag","embeddable":true,"href":"https:\/\/suasesport.com\/es\/wp-json\/wp\/v2\/tags?post=12454"}],"curies":[{"name":"wp","href":"https:\/\/api.w.org\/{rel}","templated":true}]}}