{"id":11764,"date":"2023-04-11T11:40:32","date_gmt":"2023-04-11T10:40:32","guid":{"rendered":"https:\/\/suasesport.com\/?p=11764"},"modified":"2023-04-11T11:41:33","modified_gmt":"2023-04-11T10:41:33","slug":"calpe-sera-sede-de-las-fases-finales-autonomicas-junior-cadete-e-infantil","status":"publish","type":"post","link":"https:\/\/suasesport.com\/es\/calpe-sera-sede-de-las-fases-finales-autonomicas-junior-cadete-e-infantil\/","title":{"rendered":"Calpe ser\u00e1 sede de las fases finales auton\u00f3micas j\u00fanior, cadete e infantil"},"content":{"rendered":"\n<p>Calpe ser\u00e1 sede de fases finales auton\u00f3micas masculinas de las categor\u00edas j\u00fanior, cadete e infantil, tras llegar a un acuerdo de colaboraci\u00f3n con la Federaci\u00f3n de Baloncesto de la Comunitat Valenciana (FBCV). Fruto de ese acuerdo con el Ayuntamiento de Calpe y el CB Ifach Calpe, la FBCV colaborar\u00e1 en diversos actos enmarcados dentro de la celebraci\u00f3n del 60 aniversario del club.\u00a0<\/p>\n\n\n\n<p>La fase final j\u00fanior masculina se disputar\u00e1 del 21 al 23 de abril. La cadete de IR Auton\u00f3mica del 28 al 30 de abril. Y la infantil IR se celebrar\u00e1 del 5 al 7 de mayo.&nbsp;<\/p>\n\n\n\n<p>Agost acoger\u00e1, tambi\u00e9n en las mismas fechas, las fases finales auton\u00f3micas femeninas de las categor\u00edas j\u00fanior, y cadete e infantil de Iniciaci\u00f3n al Rendimiento (IR). Pe\u00f1\u00edscola ser\u00e1 sede de la fase final de Primera Divisi\u00f3n Masculina que se celebrar\u00e1n los d\u00edas 3 y 4 de junio. <\/p>\n\n\n","protected":false},"excerpt":{"rendered":"<p>Calpe ser\u00e1 sede de fases finales auton\u00f3micas masculinas de las categor\u00edas j\u00fanior, cadete e infantil, tras llegar a un acuerdo de colaboraci\u00f3n con la Federaci\u00f3n de Baloncesto de la Comunitat Valenciana (FBCV). Fruto de ese acuerdo con el Ayuntamiento de Calpe y el CB Ifach Calpe, la FBCV colaborar\u00e1 en diversos actos enmarcados dentro de&hellip; <a class=\"more-link\" href=\"https:\/\/suasesport.com\/es\/calpe-sera-sede-de-las-fases-finales-autonomicas-junior-cadete-e-infantil\/\">Seguir leyendo <span class=\"screen-reader-text\">Calpe ser\u00e1 sede de las fases finales auton\u00f3micas j\u00fanior, cadete e infantil<\/span><\/a><\/p>\n","protected":false},"author":1,"featured_media":11767,"comment_status":"open","ping_status":"open","sticky":false,"template":"","format":"standard","meta":{"footnotes":""},"categories":[167,8],"tags":[],"class_list":["post-11764","post","type-post","status-publish","format-standard","has-post-thumbnail","hentry","category-b-masculino","category-baloncesto","entry"],"_links":{"self":[{"href":"https:\/\/suasesport.com\/es\/wp-json\/wp\/v2\/posts\/11764","targetHints":{"allow":["GET"]}}],"collection":[{"href":"https:\/\/suasesport.com\/es\/wp-json\/wp\/v2\/posts"}],"about":[{"href":"https:\/\/suasesport.com\/es\/wp-json\/wp\/v2\/types\/post"}],"author":[{"embeddable":true,"href":"https:\/\/suasesport.com\/es\/wp-json\/wp\/v2\/users\/1"}],"replies":[{"embeddable":true,"href":"https:\/\/suasesport.com\/es\/wp-json\/wp\/v2\/comments?post=11764"}],"version-history":[{"count":7,"href":"https:\/\/suasesport.com\/es\/wp-json\/wp\/v2\/posts\/11764\/revisions"}],"predecessor-version":[{"id":11776,"href":"https:\/\/suasesport.com\/es\/wp-json\/wp\/v2\/posts\/11764\/revisions\/11776"}],"wp:featuredmedia":[{"embeddable":true,"href":"https:\/\/suasesport.com\/es\/wp-json\/wp\/v2\/media\/11767"}],"wp:attachment":[{"href":"https:\/\/suasesport.com\/es\/wp-json\/wp\/v2\/media?parent=11764"}],"wp:term":[{"taxonomy":"category","embeddable":true,"href":"https:\/\/suasesport.com\/es\/wp-json\/wp\/v2\/categories?post=11764"},{"taxonomy":"post_tag","embeddable":true,"href":"https:\/\/suasesport.com\/es\/wp-json\/wp\/v2\/tags?post=11764"}],"curies":[{"name":"wp","href":"https:\/\/api.w.org\/{rel}","templated":true}]}}