{"id":1093,"date":"2022-06-30T10:35:53","date_gmt":"2022-06-30T10:35:53","guid":{"rendered":"https:\/\/suasesport.com\/?p=1093"},"modified":"2022-09-01T18:53:13","modified_gmt":"2022-09-01T18:53:13","slug":"la-emf-denia-tendra-tres-equipos-femeninos-esta-temporada","status":"publish","type":"post","link":"https:\/\/suasesport.com\/es\/la-emf-denia-tendra-tres-equipos-femeninos-esta-temporada\/","title":{"rendered":"La EMF D\u00e9nia tendr\u00e1 tres equipos femeninos esta temporada"},"content":{"rendered":"\n<p><\/p>\n\n\n\n<p>La EMF D\u00e9nia contar\u00e1 con tres equipos femeninos esta temporada 2022-2023. Uno de ellos, el alev\u00edn jugar\u00e1 en la modalidad de f\u00fatbol 8, mientras que el infantil y el cadete-juvenil lo har\u00e1n en la modalidad de f\u00fatbol 11. Hasta la pasada temporada la EMFD tan s\u00f3lo ten\u00eda un equipo femenino, el infantil. <\/p>\n\n\n\n<p>El director de la EMFD, Juanjo Palacios, ha se\u00f1alado que \u00abdesde la pasada temporada pensamos en ampliar los equipos femeninos. Por eso, desde la pretemporada 2021-2022 empezamos ha realizar jornadas de puertas abiertas para captar jugadoras. Las hicimos tambi\u00e9n en Navidad, en Pascua y tambi\u00e9n a final de esta temporada que hemos acabado. La respuesta ha sido tan buena y positiva que nos permite tener tres equipos para competir en sus respectivas categor\u00edas esta temporada\u00bb. <\/p>\n\n\n","protected":false},"excerpt":{"rendered":"<p>La EMF D\u00e9nia contar\u00e1 con tres equipos femeninos esta temporada 2022-2023. Uno de ellos, el alev\u00edn jugar\u00e1 en la modalidad de f\u00fatbol 8, mientras que el infantil y el cadete-juvenil lo har\u00e1n en la modalidad de f\u00fatbol 11. Hasta la pasada temporada la EMFD tan s\u00f3lo ten\u00eda un equipo femenino, el infantil. El director de&hellip; <a class=\"more-link\" href=\"https:\/\/suasesport.com\/es\/la-emf-denia-tendra-tres-equipos-femeninos-esta-temporada\/\">Seguir leyendo <span class=\"screen-reader-text\">La EMF D\u00e9nia tendr\u00e1 tres equipos femeninos esta temporada<\/span><\/a><\/p>\n","protected":false},"author":1,"featured_media":1170,"comment_status":"open","ping_status":"open","sticky":false,"template":"","format":"standard","meta":{"footnotes":""},"categories":[6],"tags":[],"class_list":["post-1093","post","type-post","status-publish","format-standard","has-post-thumbnail","hentry","category-futbol","entry"],"_links":{"self":[{"href":"https:\/\/suasesport.com\/es\/wp-json\/wp\/v2\/posts\/1093","targetHints":{"allow":["GET"]}}],"collection":[{"href":"https:\/\/suasesport.com\/es\/wp-json\/wp\/v2\/posts"}],"about":[{"href":"https:\/\/suasesport.com\/es\/wp-json\/wp\/v2\/types\/post"}],"author":[{"embeddable":true,"href":"https:\/\/suasesport.com\/es\/wp-json\/wp\/v2\/users\/1"}],"replies":[{"embeddable":true,"href":"https:\/\/suasesport.com\/es\/wp-json\/wp\/v2\/comments?post=1093"}],"version-history":[{"count":2,"href":"https:\/\/suasesport.com\/es\/wp-json\/wp\/v2\/posts\/1093\/revisions"}],"predecessor-version":[{"id":1095,"href":"https:\/\/suasesport.com\/es\/wp-json\/wp\/v2\/posts\/1093\/revisions\/1095"}],"wp:featuredmedia":[{"embeddable":true,"href":"https:\/\/suasesport.com\/es\/wp-json\/wp\/v2\/media\/1170"}],"wp:attachment":[{"href":"https:\/\/suasesport.com\/es\/wp-json\/wp\/v2\/media?parent=1093"}],"wp:term":[{"taxonomy":"category","embeddable":true,"href":"https:\/\/suasesport.com\/es\/wp-json\/wp\/v2\/categories?post=1093"},{"taxonomy":"post_tag","embeddable":true,"href":"https:\/\/suasesport.com\/es\/wp-json\/wp\/v2\/tags?post=1093"}],"curies":[{"name":"wp","href":"https:\/\/api.w.org\/{rel}","templated":true}]}}