{"id":4984,"date":"2022-10-31T11:30:26","date_gmt":"2022-10-31T11:30:26","guid":{"rendered":"https:\/\/suasesport.com\/?p=4984"},"modified":"2022-10-31T11:54:19","modified_gmt":"2022-10-31T11:54:19","slug":"la-emf-denia-presenta-als-seus-equips-de-futbol-8-dissabte-que-ve","status":"publish","type":"post","link":"https:\/\/suasesport.com\/ca\/la-emf-denia-presenta-als-seus-equips-de-futbol-8-dissabte-que-ve\/","title":{"rendered":"La EMF D\u00e9nia presenta als seus equips de Futbol 8 dissabte que ve&nbsp;"},"content":{"rendered":"\n<p>L&#8217;Escola Municipal de Futbol de D\u00e9nia (EMFD) presentar\u00e0 als seus equips de Futbol 8 dissabte que ve, 5 de novembre. La presentaci\u00f3 es realitzar\u00e0 en el camp de futbol El Rodat, a les 16 hores. Una hora m\u00e9s tard i despr\u00e9s de ser presentats els jugadors que formen cada equip i els seus entrenadors, es realitzaran els parlaments de les autoritats municipals, aix\u00ed com el dels coordinadors del FB D\u00e9nia i del Val\u00e8ncia CF. <\/p>\n\n<p>L&#8217;EMF D\u00e9nia aquesta temporada 2022-2023 compta amb un total de d\u00e8sset equips: cinc alevins, quatre benjamins, quatre prebenjamins, quatre querubins i un benjam\u00ed-alev\u00ed femen\u00ed.<\/p>\n\n<p>Una vegada conclosa la presentaci\u00f3 es disputaran els partits dels equips alevins, A i C, de l&#8217;EMFD, que s&#8217;enfrontaren al Lacross Babel d&#8217;Alacant i Foites Benidorm, respectivament. <\/p>\n","protected":false},"excerpt":{"rendered":"<p>L&#8217;Escola Municipal de Futbol de D\u00e9nia (EMFD) presentar\u00e0 als seus equips de Futbol 8 dissabte que ve, 5 de novembre. La presentaci\u00f3 es realitzar\u00e0 en el camp de futbol El Rodat, a les 16 hores. Una hora m\u00e9s tard i despr\u00e9s de ser presentats els jugadors que formen cada equip i els seus entrenadors, es&hellip; <a class=\"more-link\" href=\"https:\/\/suasesport.com\/ca\/la-emf-denia-presenta-als-seus-equips-de-futbol-8-dissabte-que-ve\/\">Continueu llegint <span class=\"screen-reader-text\">La EMF D\u00e9nia presenta als seus equips de Futbol 8 dissabte que ve&nbsp;<\/span><\/a><\/p>\n","protected":false},"author":1,"featured_media":4988,"comment_status":"open","ping_status":"open","sticky":false,"template":"","format":"standard","meta":{"footnotes":""},"categories":[157,97],"tags":[],"class_list":["post-4984","post","type-post","status-publish","format-standard","has-post-thumbnail","hentry","category-escola-futbol-8","category-futbol-ca","entry"],"_links":{"self":[{"href":"https:\/\/suasesport.com\/ca\/wp-json\/wp\/v2\/posts\/4984","targetHints":{"allow":["GET"]}}],"collection":[{"href":"https:\/\/suasesport.com\/ca\/wp-json\/wp\/v2\/posts"}],"about":[{"href":"https:\/\/suasesport.com\/ca\/wp-json\/wp\/v2\/types\/post"}],"author":[{"embeddable":true,"href":"https:\/\/suasesport.com\/ca\/wp-json\/wp\/v2\/users\/1"}],"replies":[{"embeddable":true,"href":"https:\/\/suasesport.com\/ca\/wp-json\/wp\/v2\/comments?post=4984"}],"version-history":[{"count":6,"href":"https:\/\/suasesport.com\/ca\/wp-json\/wp\/v2\/posts\/4984\/revisions"}],"predecessor-version":[{"id":4996,"href":"https:\/\/suasesport.com\/ca\/wp-json\/wp\/v2\/posts\/4984\/revisions\/4996"}],"wp:featuredmedia":[{"embeddable":true,"href":"https:\/\/suasesport.com\/ca\/wp-json\/wp\/v2\/media\/4988"}],"wp:attachment":[{"href":"https:\/\/suasesport.com\/ca\/wp-json\/wp\/v2\/media?parent=4984"}],"wp:term":[{"taxonomy":"category","embeddable":true,"href":"https:\/\/suasesport.com\/ca\/wp-json\/wp\/v2\/categories?post=4984"},{"taxonomy":"post_tag","embeddable":true,"href":"https:\/\/suasesport.com\/ca\/wp-json\/wp\/v2\/tags?post=4984"}],"curies":[{"name":"wp","href":"https:\/\/api.w.org\/{rel}","templated":true}]}}