{"id":28160,"date":"2024-06-02T08:07:58","date_gmt":"2024-06-02T07:07:58","guid":{"rendered":"https:\/\/suasesport.com\/?p=28160"},"modified":"2024-06-02T08:10:24","modified_gmt":"2024-06-02T07:10:24","slug":"montse-tome-crida-a-la-deniera-fiamma-per-a-suplir-a-alba-redondo-en-la-seleccio-espanyola","status":"publish","type":"post","link":"https:\/\/suasesport.com\/ca\/montse-tome-crida-a-la-deniera-fiamma-per-a-suplir-a-alba-redondo-en-la-seleccio-espanyola\/","title":{"rendered":"Monts\u00e9 Tom\u00e9 crida a la deniera Fiamma per a suplir a Alba Redondo en la Selecci\u00f3 Espanyola"},"content":{"rendered":"\n<p>Montse Tom\u00e9 ha cridat a Fiamma Ben\u00edtez per a substituir a Alba Redondo en la Selecci\u00f3 Espanyola Absoluta i aix\u00ed comptar amb ella per al partit que Espanya juga davant Dinamarca el dimarts. Les lesi\u00f3 de la davantera del Llevant UD ha fet que la seleccionadora nacional haja cridat a la deniera perqu\u00e8 s&#8217;unisca a la concentraci\u00f3 de Tenerife hui diumenge. Cal recordar que Espanya va guanyar a Dinamarca el divendres a Vejle (0-2), en el primer dels dos partits d&#8217;esta finestra, amb gols de Jenni Hermoso i Mariona Caldentey. La selecci\u00f3, liderada per Alexia Putellas, torna a enfrontar-se a les daneses el dimarts a Santa Cruz de Tenerife, partit corresponent a la quarta jornada del Grup A2, grup que lidera Espanya amb 9 punts. Dinamarca \u00e9s segona amb 6 mentres que B\u00e8lgica t\u00e9 3 i la Rep\u00fablica Txeca tanca el grup amb 0 punts. Per aix\u00f2 si Espanya torna a guanyar a Dinamarca estar\u00e0 classificada matem\u00e0ticament per a l&#8217;Eurocopa 2025. <\/p>\n\n<p>El partit Espa\u00f1a-Dinamarca es juga en l&#8217;Estadi Helionoro Rodr\u00edguez L\u00f3pez a les 21.30 hores i ser\u00e0 retransm\u00e9s per La 1 de TVE. <\/p>\n","protected":false},"excerpt":{"rendered":"<p>Montse Tom\u00e9 ha cridat a Fiamma Ben\u00edtez per a substituir a Alba Redondo en la Selecci\u00f3 Espanyola Absoluta i aix\u00ed comptar amb ella per al partit que Espanya juga davant Dinamarca el dimarts. Les lesi\u00f3 de la davantera del Llevant UD ha fet que la seleccionadora nacional haja cridat a la deniera perqu\u00e8 s&#8217;unisca a&hellip; <a class=\"more-link\" href=\"https:\/\/suasesport.com\/ca\/montse-tome-crida-a-la-deniera-fiamma-per-a-suplir-a-alba-redondo-en-la-seleccio-espanyola\/\">Continueu llegint <span class=\"screen-reader-text\">Monts\u00e9 Tom\u00e9 crida a la deniera Fiamma per a suplir a Alba Redondo en la Selecci\u00f3 Espanyola<\/span><\/a><\/p>\n","protected":false},"author":1,"featured_media":28154,"comment_status":"open","ping_status":"open","sticky":false,"template":"","format":"standard","meta":{"footnotes":""},"categories":[97,161],"tags":[],"class_list":["post-28160","post","type-post","status-publish","format-standard","has-post-thumbnail","hentry","category-futbol-ca","category-futbol-femeni-11","entry"],"_links":{"self":[{"href":"https:\/\/suasesport.com\/ca\/wp-json\/wp\/v2\/posts\/28160","targetHints":{"allow":["GET"]}}],"collection":[{"href":"https:\/\/suasesport.com\/ca\/wp-json\/wp\/v2\/posts"}],"about":[{"href":"https:\/\/suasesport.com\/ca\/wp-json\/wp\/v2\/types\/post"}],"author":[{"embeddable":true,"href":"https:\/\/suasesport.com\/ca\/wp-json\/wp\/v2\/users\/1"}],"replies":[{"embeddable":true,"href":"https:\/\/suasesport.com\/ca\/wp-json\/wp\/v2\/comments?post=28160"}],"version-history":[{"count":4,"href":"https:\/\/suasesport.com\/ca\/wp-json\/wp\/v2\/posts\/28160\/revisions"}],"predecessor-version":[{"id":28166,"href":"https:\/\/suasesport.com\/ca\/wp-json\/wp\/v2\/posts\/28160\/revisions\/28166"}],"wp:featuredmedia":[{"embeddable":true,"href":"https:\/\/suasesport.com\/ca\/wp-json\/wp\/v2\/media\/28154"}],"wp:attachment":[{"href":"https:\/\/suasesport.com\/ca\/wp-json\/wp\/v2\/media?parent=28160"}],"wp:term":[{"taxonomy":"category","embeddable":true,"href":"https:\/\/suasesport.com\/ca\/wp-json\/wp\/v2\/categories?post=28160"},{"taxonomy":"post_tag","embeddable":true,"href":"https:\/\/suasesport.com\/ca\/wp-json\/wp\/v2\/tags?post=28160"}],"curies":[{"name":"wp","href":"https:\/\/api.w.org\/{rel}","templated":true}]}}