{"id":27949,"date":"2024-05-20T11:25:49","date_gmt":"2024-05-20T10:25:49","guid":{"rendered":"https:\/\/suasesport.com\/?p=27949"},"modified":"2024-05-20T11:27:43","modified_gmt":"2024-05-20T10:27:43","slug":"segona-regional-valenta-londarense-acomiada-la-lliga-amb-golejada-i-amb-lascens-a-primera","status":"publish","type":"post","link":"https:\/\/suasesport.com\/ca\/segona-regional-valenta-londarense-acomiada-la-lliga-amb-golejada-i-amb-lascens-a-primera\/","title":{"rendered":"Segona Regional Valenta: L&#8217;Ondarense acomiada la lliga amb golejada i amb l&#8217;ascens a Primera"},"content":{"rendered":"\n<p>L&#8217;Ondarense va fer els deures en l&#8217;\u00faltima jornada de la lliga al Grup 4 de la Segona Regional Valenta. T\u00e9nia que guanyar al San Miguel Salinas per a ser el millor segon classificat de la categoria i ho va fer i a m\u00e9s per golejada (0-8). Les jugadores d&#8217;Arturo Quir\u00f3s aconseguixen aix\u00ed el principal objectiu que es van marcar a principi de temporada, l&#8217;ascens a Primera Regional. Un ascens que els deixa un sabor agredol\u00e7 perqu\u00e8 no han pogut aconseguir l&#8217;altre objectiu que es van marcar a mesura que anaven passant les jornades, ser campiones de lliga. Pr\u00e0cticament durant tota la temporada han sigut l\u00edders, per\u00f2 la derrota davant La Nucia B, campi\u00f3 de lliga, mancant tres jornades per a finalitzar el campionat els va deixar sense un t\u00edtol que mereixien tant o m\u00e9s que l&#8217;equip de la Marina Baixa. Per\u00f2 la tristesa d&#8217;eixe moment es va convertir en una nova il\u00b7lusi\u00f3 al saber que si guanyaven els dos partits que els quedaven s&#8217;asseguraven l&#8217;ascens a Primera Regional. Un objectiu a priori f\u00e0cil ja que jugaven contra dos equips assequibles. Aix\u00ed que despr\u00e9s del descans de l&#8217;antepen\u00faltima jornada van sumar els tres punts davant el Dolores Atenea en els despatxos ja que el seu rival no es va presentar a jugar per falta de jugadores (3-0), i ahir diumenge al San Miguel Salinas. Triomf els ha donat l&#8217;ascens a Primera Regional al ser el millor segon classificat de la categoria, \u00e9s a dir, en tindre millor coeficient de punts dels quatre grups. I \u00e9s que al Grup 4, el de l&#8217;Ondarense, els equips han jugat 20 partits; al Grup 1, 21; al Grup 2, 26; i al Grup 3, 24. <\/p>\n\n<p>L&#8217;equip d&#8217;Ondara ha quedat subcampi\u00f3 del Grup 4 amb 54 punts, en una lliga en la qual ha guanyat d\u00edhuit partits i ha perdut tan sols dos. Ha marcat 149 gols i ha encaixat 11. <\/p>\n\n<p>SAN MIGUEL SALINAS 0, ONDARENSE 8<\/p>\n\n<p>L&#8217;Ondarense havia de guanyar i va guanyar al San Miguel Salinas per a ascendir a Primera Regional en un partit que va controlar de principi a fi i en el qual va ser molt superior. Des del xiulet inicial va anar a per la vict\u00f2ria i va obrir el marcador al minut 10 per mediaci\u00f3 d&#8217;Ana Colomar (0-1). Cinc minuts despr\u00e9s va arribar el segon anotat per Paula Larrosa i altres cinc m\u00e9s tard el tercer marcat per Stefany, i amb el 0-3 es va arribar al descans. En la segona part van arribar els altres cinc gols per mediaci\u00f3 d&#8217;Aurora Torralba (0-4), Isabel Vivanco (0-5), Aranzazu (0-6), Mar\u00eda Masanet (0-7) i Isabel Vivanco (0-8).<\/p>\n\n<p><\/p>\n\n<figure class=\"wp-block-gallery has-nested-images columns-default is-cropped wp-block-gallery-2 is-layout-flex wp-block-gallery-is-layout-flex\">\n<figure class=\"wp-block-image size-large\"><img decoding=\"async\" data-id=\"27958\" src=\"https:\/\/suasesport.com\/wp-content\/uploads\/2024\/05\/dd791b51-7da2-444b-9270-8fac3a473d99-1024x510.jpg\" alt=\"\" class=\"wp-image-27958\"\/><figcaption class=\"wp-element-caption\"><strong><em>Les jugadores del San Miguel Salinas i de l&#8217;Ondarense despr\u00e9s del partido. <\/em><\/strong><\/figcaption><\/figure>\n<\/figure>\n","protected":false},"excerpt":{"rendered":"<p>L&#8217;Ondarense va fer els deures en l&#8217;\u00faltima jornada de la lliga al Grup 4 de la Segona Regional Valenta. T\u00e9nia que guanyar al San Miguel Salinas per a ser el millor segon classificat de la categoria i ho va fer i a m\u00e9s per golejada (0-8). Les jugadores d&#8217;Arturo Quir\u00f3s aconseguixen aix\u00ed el principal objectiu&hellip; <a class=\"more-link\" href=\"https:\/\/suasesport.com\/ca\/segona-regional-valenta-londarense-acomiada-la-lliga-amb-golejada-i-amb-lascens-a-primera\/\">Continueu llegint <span class=\"screen-reader-text\">Segona Regional Valenta: L&#8217;Ondarense acomiada la lliga amb golejada i amb l&#8217;ascens a Primera<\/span><\/a><\/p>\n","protected":false},"author":1,"featured_media":27948,"comment_status":"open","ping_status":"open","sticky":false,"template":"","format":"standard","meta":{"footnotes":""},"categories":[97,161],"tags":[],"class_list":["post-27949","post","type-post","status-publish","format-standard","has-post-thumbnail","hentry","category-futbol-ca","category-futbol-femeni-11","entry"],"_links":{"self":[{"href":"https:\/\/suasesport.com\/ca\/wp-json\/wp\/v2\/posts\/27949","targetHints":{"allow":["GET"]}}],"collection":[{"href":"https:\/\/suasesport.com\/ca\/wp-json\/wp\/v2\/posts"}],"about":[{"href":"https:\/\/suasesport.com\/ca\/wp-json\/wp\/v2\/types\/post"}],"author":[{"embeddable":true,"href":"https:\/\/suasesport.com\/ca\/wp-json\/wp\/v2\/users\/1"}],"replies":[{"embeddable":true,"href":"https:\/\/suasesport.com\/ca\/wp-json\/wp\/v2\/comments?post=27949"}],"version-history":[{"count":6,"href":"https:\/\/suasesport.com\/ca\/wp-json\/wp\/v2\/posts\/27949\/revisions"}],"predecessor-version":[{"id":27965,"href":"https:\/\/suasesport.com\/ca\/wp-json\/wp\/v2\/posts\/27949\/revisions\/27965"}],"wp:featuredmedia":[{"embeddable":true,"href":"https:\/\/suasesport.com\/ca\/wp-json\/wp\/v2\/media\/27948"}],"wp:attachment":[{"href":"https:\/\/suasesport.com\/ca\/wp-json\/wp\/v2\/media?parent=27949"}],"wp:term":[{"taxonomy":"category","embeddable":true,"href":"https:\/\/suasesport.com\/ca\/wp-json\/wp\/v2\/categories?post=27949"},{"taxonomy":"post_tag","embeddable":true,"href":"https:\/\/suasesport.com\/ca\/wp-json\/wp\/v2\/tags?post=27949"}],"curies":[{"name":"wp","href":"https:\/\/api.w.org\/{rel}","templated":true}]}}