{"id":27001,"date":"2024-04-23T08:39:19","date_gmt":"2024-04-23T07:39:19","guid":{"rendered":"https:\/\/suasesport.com\/?p=27001"},"modified":"2024-04-23T08:39:55","modified_gmt":"2024-04-23T07:39:55","slug":"prebenjami-el-fb-denia-b1-es-proclama-campio-de-lliga-a-falta-de-quatre-jornades","status":"publish","type":"post","link":"https:\/\/suasesport.com\/ca\/prebenjami-el-fb-denia-b1-es-proclama-campio-de-lliga-a-falta-de-quatre-jornades\/","title":{"rendered":"Prebenjam\u00ed: El FB D\u00e9nia B1 es proclama campi\u00f3 de lliga a falta de quatre jornades"},"content":{"rendered":"\n<p>El FB D\u00e9nia B1 s&#8217;ha proclamat campi\u00f3 de Lliga B prebenjam\u00ed en v\u00e9ncer al Pego B (3-0). Una vict\u00f2ria que li ha donat matem\u00e0ticament el t\u00edtol a falta de quatre jornades per a concloga el campionat. I \u00e9s que els deniers, que descansen en la pen\u00faltima jornada, li trauen 17 punts al FB Benitatxell B que \u00e9s segon i 19 a l&#8217;Esport Viu Ondara B que \u00e9s tercer. A m\u00e9s \u00e9s de moment, l&#8217;equip m\u00e0xim golejador del campionat amb 123 gols marcats i el menys golejat amb 9 gols encaixats. <\/p>\n\n<p>La classificaci\u00f3 despr\u00e9s de la disputa de la vint-i-dosena jornada de lliga est\u00e0 aix\u00ed: FB D\u00e9nia B1, 61 punts; FB Benitatxell B, 44; Ondara, 42; Benissa B, 40; Gorgos B i FB D\u00e9nia B2, 34; Pego B, 33; La Marina X\u00e0bia, 30; J\u00e1vea B, 27; El Verger B, 14; Pedreguer B2 (Verd) y Teulada Moraira B, 10; Pedreguer B1 (Groc), 0. <\/p>\n\n<p>RESULTAS JORNADA <\/p>\n\n<p>FB D\u00e9nia B1 3, Pego B 0<\/p>\n\n<p>El Verger B 0, Benissa B 2<\/p>\n\n<p>FB D\u00e9nia B2 6, Ondara B 4 <\/p>\n\n<p>Pedreguer B1 (Groc) 0, Gorgos B 8 <\/p>\n\n<p>Benitatxell B 2, J\u00e1vea B 2 <\/p>\n\n<p>Pedreguer B2 (Verd) 1, Teulada Moraira B 1 <\/p>\n","protected":false},"excerpt":{"rendered":"<p>El FB D\u00e9nia B1 s&#8217;ha proclamat campi\u00f3 de Lliga B prebenjam\u00ed en v\u00e9ncer al Pego B (3-0). Una vict\u00f2ria que li ha donat matem\u00e0ticament el t\u00edtol a falta de quatre jornades per a concloga el campionat. I \u00e9s que els deniers, que descansen en la pen\u00faltima jornada, li trauen 17 punts al FB Benitatxell B&hellip; <a class=\"more-link\" href=\"https:\/\/suasesport.com\/ca\/prebenjami-el-fb-denia-b1-es-proclama-campio-de-lliga-a-falta-de-quatre-jornades\/\">Continueu llegint <span class=\"screen-reader-text\">Prebenjam\u00ed: El FB D\u00e9nia B1 es proclama campi\u00f3 de lliga a falta de quatre jornades<\/span><\/a><\/p>\n","protected":false},"author":1,"featured_media":26997,"comment_status":"open","ping_status":"open","sticky":false,"template":"","format":"standard","meta":{"footnotes":""},"categories":[97,156],"tags":[],"class_list":["post-27001","post","type-post","status-publish","format-standard","has-post-thumbnail","hentry","category-futbol-ca","category-futbol-8-ca","entry"],"_links":{"self":[{"href":"https:\/\/suasesport.com\/ca\/wp-json\/wp\/v2\/posts\/27001","targetHints":{"allow":["GET"]}}],"collection":[{"href":"https:\/\/suasesport.com\/ca\/wp-json\/wp\/v2\/posts"}],"about":[{"href":"https:\/\/suasesport.com\/ca\/wp-json\/wp\/v2\/types\/post"}],"author":[{"embeddable":true,"href":"https:\/\/suasesport.com\/ca\/wp-json\/wp\/v2\/users\/1"}],"replies":[{"embeddable":true,"href":"https:\/\/suasesport.com\/ca\/wp-json\/wp\/v2\/comments?post=27001"}],"version-history":[{"count":4,"href":"https:\/\/suasesport.com\/ca\/wp-json\/wp\/v2\/posts\/27001\/revisions"}],"predecessor-version":[{"id":27007,"href":"https:\/\/suasesport.com\/ca\/wp-json\/wp\/v2\/posts\/27001\/revisions\/27007"}],"wp:featuredmedia":[{"embeddable":true,"href":"https:\/\/suasesport.com\/ca\/wp-json\/wp\/v2\/media\/26997"}],"wp:attachment":[{"href":"https:\/\/suasesport.com\/ca\/wp-json\/wp\/v2\/media?parent=27001"}],"wp:term":[{"taxonomy":"category","embeddable":true,"href":"https:\/\/suasesport.com\/ca\/wp-json\/wp\/v2\/categories?post=27001"},{"taxonomy":"post_tag","embeddable":true,"href":"https:\/\/suasesport.com\/ca\/wp-json\/wp\/v2\/tags?post=27001"}],"curies":[{"name":"wp","href":"https:\/\/api.w.org\/{rel}","templated":true}]}}