{"id":26675,"date":"2024-04-17T18:18:31","date_gmt":"2024-04-17T17:18:31","guid":{"rendered":"https:\/\/suasesport.com\/?p=26675"},"modified":"2024-04-17T18:44:30","modified_gmt":"2024-04-17T17:44:30","slug":"la-valenciana-sub-14-dels-deniers-mengual-lobo-i-herrera-guanya-el-primer-partit-del-nacional","status":"publish","type":"post","link":"https:\/\/suasesport.com\/ca\/la-valenciana-sub-14-dels-deniers-mengual-lobo-i-herrera-guanya-el-primer-partit-del-nacional\/","title":{"rendered":"La Valenciana Sub 14 dels deniers Mengual, Lobo i Herrera guanya el primer partit del nacional"},"content":{"rendered":"\n<p>La Selecci\u00f3 Valenciana Sub 14 dels deniers Jos\u00e9 Luis Mengual, Roque Lobo (Dianense) i Carlos Herrera (Paidos D\u00e9nia) ha comen\u00e7at amb bon peu el Campionat d&#8217;Espanya de Seleccions Auton\u00f2miques. El combinat valenci\u00e0, que entrena Mengual, ha guanyat el primer partit del nacional a Ceuta (2-4). El primer gol dels valencians l&#8217;ha marcat el jugador col\u00b7legial (0-1), resultat amb el qual s&#8217;ha arribat al descans. En la segona part, la Valenciana ha tingut un 0-4 a favor, per\u00f2 Ceuta ha aconseguit reduir les difer\u00e8ncies i col\u00b7locar-se 2-4 mancant quatre minuts. En els \u00faltims minuts l&#8217;equip de Mengual ha sabut patir i emportar-se el triomf. <\/p>\n\n<p>La Selecci\u00f3 Valenciana s&#8217;enfronta a M\u00farcia, equip amfitri\u00f3, en la segona jornada. Els murcians han golejat a Can\u00e0ries (11-0) pel que el duel davant M\u00farcia ser\u00e0 clau per a estar en semifinals. El partit es juga en el Pavell\u00f3 Municipal Pr\u00edncep Felip de San Javier a les 9.30 hores. <\/p>\n\n<p><\/p>\n\n<figure class=\"wp-block-image size-large\"><img loading=\"lazy\" decoding=\"async\" width=\"768\" height=\"1024\" src=\"https:\/\/suasesport.com\/wp-content\/uploads\/2024\/04\/8c17d24e-ecf3-45bb-805c-d36f43532db6-768x1024.jpg\" alt=\"\" class=\"wp-image-26653\" srcset=\"https:\/\/suasesport.com\/wp-content\/uploads\/2024\/04\/8c17d24e-ecf3-45bb-805c-d36f43532db6-768x1024.jpg 768w, https:\/\/suasesport.com\/wp-content\/uploads\/2024\/04\/8c17d24e-ecf3-45bb-805c-d36f43532db6-225x300.jpg 225w, https:\/\/suasesport.com\/wp-content\/uploads\/2024\/04\/8c17d24e-ecf3-45bb-805c-d36f43532db6-1152x1536.jpg 1152w, https:\/\/suasesport.com\/wp-content\/uploads\/2024\/04\/8c17d24e-ecf3-45bb-805c-d36f43532db6-1080x1440.jpg 1080w, https:\/\/suasesport.com\/wp-content\/uploads\/2024\/04\/8c17d24e-ecf3-45bb-805c-d36f43532db6.jpg 1536w\" sizes=\"auto, (max-width: 768px) 100vw, 768px\" \/><\/figure>\n","protected":false},"excerpt":{"rendered":"<p>La Selecci\u00f3 Valenciana Sub 14 dels deniers Jos\u00e9 Luis Mengual, Roque Lobo (Dianense) i Carlos Herrera (Paidos D\u00e9nia) ha comen\u00e7at amb bon peu el Campionat d&#8217;Espanya de Seleccions Auton\u00f2miques. El combinat valenci\u00e0, que entrena Mengual, ha guanyat el primer partit del nacional a Ceuta (2-4). El primer gol dels valencians l&#8217;ha marcat el jugador col\u00b7legial&hellip; <a class=\"more-link\" href=\"https:\/\/suasesport.com\/ca\/la-valenciana-sub-14-dels-deniers-mengual-lobo-i-herrera-guanya-el-primer-partit-del-nacional\/\">Continueu llegint <span class=\"screen-reader-text\">La Valenciana Sub 14 dels deniers Mengual, Lobo i Herrera guanya el primer partit del nacional<\/span><\/a><\/p>\n","protected":false},"author":1,"featured_media":26670,"comment_status":"open","ping_status":"open","sticky":false,"template":"","format":"standard","meta":{"footnotes":""},"categories":[96],"tags":[],"class_list":["post-26675","post","type-post","status-publish","format-standard","has-post-thumbnail","hentry","category-f-sala-ca","entry"],"_links":{"self":[{"href":"https:\/\/suasesport.com\/ca\/wp-json\/wp\/v2\/posts\/26675","targetHints":{"allow":["GET"]}}],"collection":[{"href":"https:\/\/suasesport.com\/ca\/wp-json\/wp\/v2\/posts"}],"about":[{"href":"https:\/\/suasesport.com\/ca\/wp-json\/wp\/v2\/types\/post"}],"author":[{"embeddable":true,"href":"https:\/\/suasesport.com\/ca\/wp-json\/wp\/v2\/users\/1"}],"replies":[{"embeddable":true,"href":"https:\/\/suasesport.com\/ca\/wp-json\/wp\/v2\/comments?post=26675"}],"version-history":[{"count":8,"href":"https:\/\/suasesport.com\/ca\/wp-json\/wp\/v2\/posts\/26675\/revisions"}],"predecessor-version":[{"id":26685,"href":"https:\/\/suasesport.com\/ca\/wp-json\/wp\/v2\/posts\/26675\/revisions\/26685"}],"wp:featuredmedia":[{"embeddable":true,"href":"https:\/\/suasesport.com\/ca\/wp-json\/wp\/v2\/media\/26670"}],"wp:attachment":[{"href":"https:\/\/suasesport.com\/ca\/wp-json\/wp\/v2\/media?parent=26675"}],"wp:term":[{"taxonomy":"category","embeddable":true,"href":"https:\/\/suasesport.com\/ca\/wp-json\/wp\/v2\/categories?post=26675"},{"taxonomy":"post_tag","embeddable":true,"href":"https:\/\/suasesport.com\/ca\/wp-json\/wp\/v2\/tags?post=26675"}],"curies":[{"name":"wp","href":"https:\/\/api.w.org\/{rel}","templated":true}]}}