{"id":26491,"date":"2024-04-15T09:33:52","date_gmt":"2024-04-15T08:33:52","guid":{"rendered":"https:\/\/suasesport.com\/?p=26491"},"modified":"2024-04-15T09:34:56","modified_gmt":"2024-04-15T08:34:56","slug":"els-dos-equips-inclusius-del-fb-denia-balearia-es-proclamen-campions-de-lliga","status":"publish","type":"post","link":"https:\/\/suasesport.com\/ca\/els-dos-equips-inclusius-del-fb-denia-balearia-es-proclamen-campions-de-lliga\/","title":{"rendered":"Els dos equips inclusius del FB D\u00e9nia Bale\u00e0ria es proclamen campions de lliga"},"content":{"rendered":"\n<p>Els dos equips inclusius del FB D\u00e9nia Bale\u00e0ria es van proclamar campions de les seues respectives lligues a Xirivella. El D\u00e9nia A, entrenat per Toni Rodr\u00edguez, de Segona Divisi\u00f3; i el D\u00e9nia B, entrenat per Javi Signes, de Tercera Divisi\u00f3. A m\u00e9s dels dos t\u00edtols Pascual Mut, m\u00e9s conegut com Pascualet, es va emportar el trofeu al porter menys golejat de Tercera Divisi\u00f3.<\/p>\n\n<p>El D\u00e9nia A se va proclamar campi\u00f3 de lliga en v\u00e9ncer a l&#8217;Onda (1-0) en el primer partit de la jornada. El segon partit, en el qual ja no hi havia res en joc, es va enfrontar a l&#8217;Aderes Burjassot, amb el qual va perdre per la m\u00ednima (1-0).<\/p>\n\n<p>El D\u00e9nia B es va jugar el t\u00edtol en un doble enfrontament amb el Vila-real. Els deniers van guanyar el primer partit de manera clara despr\u00e9s de realitzar un gran partit. En el segon no van golejar per\u00f2 es van imposar per la m\u00ednima (1-0) en un encontre que va estar m\u00e9s equilibrat. <\/p>\n\n<p>La fase final de les tres lligues inclusives de la Comunitat Valenciana es va disputar a Xirivella ahir diumenge. Una jornada en la qual tots els equips van jugar els seus \u00faltims partits i en la qual es va con\u00e9ixer el nom dels campions de cadascuna de les categories. Una vegada conclosos tots els partits es va procedir al lliurament dels trofeus. <\/p>\n\n<p>La marea groga, com es coneix als aficionats deniers, es despla\u00e7ada en gran nombre a Xirivella i va animar als dos equips en cada partit i despr\u00e9s va celebrar amb jugadors i cossos t\u00e8cnics els dos t\u00edtols de lliga.<\/p>\n\n<p><\/p>\n\n<p><\/p>\n\n<figure class=\"wp-block-gallery has-nested-images columns-default is-cropped wp-block-gallery-2 is-layout-flex wp-block-gallery-is-layout-flex\">\n<figure class=\"wp-block-image size-large\"><img loading=\"lazy\" decoding=\"async\" width=\"1024\" height=\"768\" data-id=\"26485\" src=\"https:\/\/suasesport.com\/wp-content\/uploads\/2024\/04\/62a4ef6a-9998-4fac-9b50-0a7c7ba6f768-1024x768.jpg\" alt=\"\" class=\"wp-image-26485\" srcset=\"https:\/\/suasesport.com\/wp-content\/uploads\/2024\/04\/62a4ef6a-9998-4fac-9b50-0a7c7ba6f768-1024x768.jpg 1024w, https:\/\/suasesport.com\/wp-content\/uploads\/2024\/04\/62a4ef6a-9998-4fac-9b50-0a7c7ba6f768-300x225.jpg 300w, https:\/\/suasesport.com\/wp-content\/uploads\/2024\/04\/62a4ef6a-9998-4fac-9b50-0a7c7ba6f768-768x576.jpg 768w, https:\/\/suasesport.com\/wp-content\/uploads\/2024\/04\/62a4ef6a-9998-4fac-9b50-0a7c7ba6f768-1536x1152.jpg 1536w, https:\/\/suasesport.com\/wp-content\/uploads\/2024\/04\/62a4ef6a-9998-4fac-9b50-0a7c7ba6f768-1080x810.jpg 1080w, https:\/\/suasesport.com\/wp-content\/uploads\/2024\/04\/62a4ef6a-9998-4fac-9b50-0a7c7ba6f768.jpg 2048w\" sizes=\"auto, (max-width: 1024px) 100vw, 1024px\" \/><figcaption class=\"wp-element-caption\"><strong><em>D\u00e9nia A. <\/em><\/strong><\/figcaption><\/figure>\n<\/figure>\n\n<p><\/p>\n\n<p><\/p>\n\n<figure class=\"wp-block-gallery has-nested-images columns-default is-cropped wp-block-gallery-3 is-layout-flex wp-block-gallery-is-layout-flex\">\n<figure class=\"wp-block-image size-large\"><img loading=\"lazy\" decoding=\"async\" width=\"1024\" height=\"768\" data-id=\"26483\" src=\"https:\/\/suasesport.com\/wp-content\/uploads\/2024\/04\/e46ea584-c2a8-47f0-85b0-e5ab4d9e0886-1024x768.jpg\" alt=\"\" class=\"wp-image-26483\" srcset=\"https:\/\/suasesport.com\/wp-content\/uploads\/2024\/04\/e46ea584-c2a8-47f0-85b0-e5ab4d9e0886-1024x768.jpg 1024w, https:\/\/suasesport.com\/wp-content\/uploads\/2024\/04\/e46ea584-c2a8-47f0-85b0-e5ab4d9e0886-300x225.jpg 300w, https:\/\/suasesport.com\/wp-content\/uploads\/2024\/04\/e46ea584-c2a8-47f0-85b0-e5ab4d9e0886-768x576.jpg 768w, https:\/\/suasesport.com\/wp-content\/uploads\/2024\/04\/e46ea584-c2a8-47f0-85b0-e5ab4d9e0886-1536x1152.jpg 1536w, https:\/\/suasesport.com\/wp-content\/uploads\/2024\/04\/e46ea584-c2a8-47f0-85b0-e5ab4d9e0886-1080x810.jpg 1080w, https:\/\/suasesport.com\/wp-content\/uploads\/2024\/04\/e46ea584-c2a8-47f0-85b0-e5ab4d9e0886.jpg 2048w\" sizes=\"auto, (max-width: 1024px) 100vw, 1024px\" \/><figcaption class=\"wp-element-caption\"><strong><em>D\u00e9nia B.<\/em><\/strong><\/figcaption><\/figure>\n<\/figure>\n\n<p><\/p>\n\n<p><\/p>\n\n<figure class=\"wp-block-gallery has-nested-images columns-default is-cropped wp-block-gallery-4 is-layout-flex wp-block-gallery-is-layout-flex\">\n<figure class=\"wp-block-image size-large\"><img loading=\"lazy\" decoding=\"async\" width=\"768\" height=\"1024\" data-id=\"26487\" src=\"https:\/\/suasesport.com\/wp-content\/uploads\/2024\/04\/8b89b92a-2378-42b9-82da-62fdce6e66d6-768x1024.jpg\" alt=\"\" class=\"wp-image-26487\" srcset=\"https:\/\/suasesport.com\/wp-content\/uploads\/2024\/04\/8b89b92a-2378-42b9-82da-62fdce6e66d6-768x1024.jpg 768w, https:\/\/suasesport.com\/wp-content\/uploads\/2024\/04\/8b89b92a-2378-42b9-82da-62fdce6e66d6-225x300.jpg 225w, https:\/\/suasesport.com\/wp-content\/uploads\/2024\/04\/8b89b92a-2378-42b9-82da-62fdce6e66d6-1152x1536.jpg 1152w, https:\/\/suasesport.com\/wp-content\/uploads\/2024\/04\/8b89b92a-2378-42b9-82da-62fdce6e66d6-1080x1440.jpg 1080w, https:\/\/suasesport.com\/wp-content\/uploads\/2024\/04\/8b89b92a-2378-42b9-82da-62fdce6e66d6.jpg 1536w\" sizes=\"auto, (max-width: 768px) 100vw, 768px\" \/><figcaption class=\"wp-element-caption\"><strong><em>Pascualet, porter menys golejat, amb Javi Signes i Toni Rodr\u00edguez. <\/em><\/strong><\/figcaption><\/figure>\n<\/figure>\n","protected":false},"excerpt":{"rendered":"<p>Els dos equips inclusius del FB D\u00e9nia Bale\u00e0ria es van proclamar campions de les seues respectives lligues a Xirivella. El D\u00e9nia A, entrenat per Toni Rodr\u00edguez, de Segona Divisi\u00f3; i el D\u00e9nia B, entrenat per Javi Signes, de Tercera Divisi\u00f3. A m\u00e9s dels dos t\u00edtols Pascual Mut, m\u00e9s conegut com Pascualet, es va emportar el&hellip; <a class=\"more-link\" href=\"https:\/\/suasesport.com\/ca\/els-dos-equips-inclusius-del-fb-denia-balearia-es-proclamen-campions-de-lliga\/\">Continueu llegint <span class=\"screen-reader-text\">Els dos equips inclusius del FB D\u00e9nia Bale\u00e0ria es proclamen campions de lliga<\/span><\/a><\/p>\n","protected":false},"author":1,"featured_media":26482,"comment_status":"open","ping_status":"open","sticky":false,"template":"","format":"standard","meta":{"footnotes":""},"categories":[97,156],"tags":[],"class_list":["post-26491","post","type-post","status-publish","format-standard","has-post-thumbnail","hentry","category-futbol-ca","category-futbol-8-ca","entry"],"_links":{"self":[{"href":"https:\/\/suasesport.com\/ca\/wp-json\/wp\/v2\/posts\/26491","targetHints":{"allow":["GET"]}}],"collection":[{"href":"https:\/\/suasesport.com\/ca\/wp-json\/wp\/v2\/posts"}],"about":[{"href":"https:\/\/suasesport.com\/ca\/wp-json\/wp\/v2\/types\/post"}],"author":[{"embeddable":true,"href":"https:\/\/suasesport.com\/ca\/wp-json\/wp\/v2\/users\/1"}],"replies":[{"embeddable":true,"href":"https:\/\/suasesport.com\/ca\/wp-json\/wp\/v2\/comments?post=26491"}],"version-history":[{"count":4,"href":"https:\/\/suasesport.com\/ca\/wp-json\/wp\/v2\/posts\/26491\/revisions"}],"predecessor-version":[{"id":26496,"href":"https:\/\/suasesport.com\/ca\/wp-json\/wp\/v2\/posts\/26491\/revisions\/26496"}],"wp:featuredmedia":[{"embeddable":true,"href":"https:\/\/suasesport.com\/ca\/wp-json\/wp\/v2\/media\/26482"}],"wp:attachment":[{"href":"https:\/\/suasesport.com\/ca\/wp-json\/wp\/v2\/media?parent=26491"}],"wp:term":[{"taxonomy":"category","embeddable":true,"href":"https:\/\/suasesport.com\/ca\/wp-json\/wp\/v2\/categories?post=26491"},{"taxonomy":"post_tag","embeddable":true,"href":"https:\/\/suasesport.com\/ca\/wp-json\/wp\/v2\/tags?post=26491"}],"curies":[{"name":"wp","href":"https:\/\/api.w.org\/{rel}","templated":true}]}}