{"id":2294,"date":"2022-09-23T00:43:29","date_gmt":"2022-09-23T00:43:29","guid":{"rendered":"https:\/\/suasesport.com\/?p=2294"},"modified":"2022-09-23T00:47:08","modified_gmt":"2022-09-23T00:47:08","slug":"paidos-mar-denia-f-fernandez-perd-amb-lalbacete-en-el-seu-debut-de-lliga-a-casa","status":"publish","type":"post","link":"https:\/\/suasesport.com\/ca\/paidos-mar-denia-f-fernandez-perd-amb-lalbacete-en-el-seu-debut-de-lliga-a-casa\/","title":{"rendered":"Paidos Mar D\u00e9nia F. Fern\u00e1ndez perd amb l&#8217;Albacete en el seu debut de lliga a casa"},"content":{"rendered":"\n<p>\u00a0L&#8217;estrena de lliga a casa del Paidos Mar D\u00e9nia F. Fern\u00e1ndez no ha sigut el desitjat. Els col\u00b7legials han perdut amb l&#8217;Albacete FS (0-3), en el partit avan\u00e7at a la jornada. Una derrota que ha fet mal perqu\u00e8 s&#8217;ha produ\u00eft en la recta final de l&#8217;encontre. En sis minuts, del 33 al 39 els manxecs han anotat els tres gols.<\/p>\n\n\n\n<p>El partit ha estat equilibrat el primer temps, on els deniers han tingut dues ocasions molt clares per a avan\u00e7ar-se en el marcador, mentre que la m\u00e9s clara dels manxecs ha sigut un llan\u00e7ament al travesser. Amb empat a zero s&#8217;arribava al descans.<\/p>\n\n\n\n<p>En la segona part, l&#8217;Albacete s&#8217;ha fet amo i senyor del partit, realitzant una pressi\u00f3 alta que ofegava l&#8217;eixida de la pilota dels locals. Jos\u00e9 Iglesias, porter del Paidos en la segona part, ha tingut una actuaci\u00f3 notable, realitzant quatre paradons que han evitat que l&#8217;Albacete s&#8217;avan\u00e7ara abans en el marcador. En el minut 33 arribava el 0-1 per mediaci\u00f3 de Francisco Sanz. Mancant quatre minuts per al final, el t\u00e8cnic denier ha decidit jugar amb porter-jugador a la recerca d&#8217;igualar el resultat. Per\u00f2 no ha sorgit efecte, ja que despr\u00e9s d&#8217;una p\u00e8rdua Daniel Serrano anotava el 0-2 en el minut 37. I dos minuts m\u00e9s tard Francisco Sanz marcava el definitiu 0-3.<\/p>\n\n\n\n<p>Cal destacar que el marcador electr\u00f2nic del pavell\u00f3 no ha funcionat, per la qual cosa els espectadors que han acudit en bon n\u00famero a veure el partit no tenien refer\u00e8ncia del temps de joc<\/p>\n\n\n\n<p>PRESENTACI\u00d3 EL DIUMENGE&nbsp;<\/p>\n\n\n\n<p>El Paidos Mar D\u00e9nia F. Fern\u00e1ndez realitzar\u00e0 la presentaci\u00f3 de la seua plantilla de la temporada 2022-2023 el diumenge al mat\u00ed. Ser\u00e0 a les 10.30 hora en el Pavell\u00f3 Municipal de D\u00e9nia. Despr\u00e9s de la presentaci\u00f3, a les 11.30 hores, es disputar\u00e0 el partit amist\u00f3s que enfrontar\u00e0 als col\u00b7legials contra el Racing Ondarense FS.<\/p>\n\n\n\n<figure class=\"wp-block-gallery has-nested-images columns-default is-cropped wp-block-gallery-2 is-layout-flex wp-block-gallery-is-layout-flex\">\n<figure class=\"wp-block-image size-large\"><img loading=\"lazy\" decoding=\"async\" width=\"2560\" height=\"1920\" data-id=\"2298\" src=\"https:\/\/suasesport.com\/wp-content\/uploads\/2022\/09\/IMG_7067-scaled.jpeg\" alt=\"\" class=\"wp-image-2298\" srcset=\"https:\/\/suasesport.com\/wp-content\/uploads\/2022\/09\/IMG_7067-scaled.jpeg 2560w, https:\/\/suasesport.com\/wp-content\/uploads\/2022\/09\/IMG_7067-300x225.jpeg 300w, https:\/\/suasesport.com\/wp-content\/uploads\/2022\/09\/IMG_7067-1024x768.jpeg 1024w, https:\/\/suasesport.com\/wp-content\/uploads\/2022\/09\/IMG_7067-768x576.jpeg 768w, https:\/\/suasesport.com\/wp-content\/uploads\/2022\/09\/IMG_7067-1536x1152.jpeg 1536w, https:\/\/suasesport.com\/wp-content\/uploads\/2022\/09\/IMG_7067-2048x1536.jpeg 2048w, https:\/\/suasesport.com\/wp-content\/uploads\/2022\/09\/IMG_7067-1080x810.jpeg 1080w\" sizes=\"auto, (max-width: 2560px) 100vw, 2560px\" \/><\/figure>\n<\/figure>\n\n\n","protected":false},"excerpt":{"rendered":"<p>\u00a0L&#8217;estrena de lliga a casa del Paidos Mar D\u00e9nia F. Fern\u00e1ndez no ha sigut el desitjat. Els col\u00b7legials han perdut amb l&#8217;Albacete FS (0-3), en el partit avan\u00e7at a la jornada. Una derrota que ha fet mal perqu\u00e8 s&#8217;ha produ\u00eft en la recta final de l&#8217;encontre. En sis minuts, del 33 al 39 els manxecs&hellip; <a class=\"more-link\" href=\"https:\/\/suasesport.com\/ca\/paidos-mar-denia-f-fernandez-perd-amb-lalbacete-en-el-seu-debut-de-lliga-a-casa\/\">Continueu llegint <span class=\"screen-reader-text\">Paidos Mar D\u00e9nia F. Fern\u00e1ndez perd amb l&#8217;Albacete en el seu debut de lliga a casa<\/span><\/a><\/p>\n","protected":false},"author":1,"featured_media":2296,"comment_status":"open","ping_status":"open","sticky":false,"template":"","format":"standard","meta":{"footnotes":""},"categories":[141,96],"tags":[],"class_list":["post-2294","post","type-post","status-publish","format-standard","has-post-thumbnail","hentry","category-divisio-honor-juvenil-f-sala-ca","category-f-sala-ca","entry"],"_links":{"self":[{"href":"https:\/\/suasesport.com\/ca\/wp-json\/wp\/v2\/posts\/2294","targetHints":{"allow":["GET"]}}],"collection":[{"href":"https:\/\/suasesport.com\/ca\/wp-json\/wp\/v2\/posts"}],"about":[{"href":"https:\/\/suasesport.com\/ca\/wp-json\/wp\/v2\/types\/post"}],"author":[{"embeddable":true,"href":"https:\/\/suasesport.com\/ca\/wp-json\/wp\/v2\/users\/1"}],"replies":[{"embeddable":true,"href":"https:\/\/suasesport.com\/ca\/wp-json\/wp\/v2\/comments?post=2294"}],"version-history":[{"count":6,"href":"https:\/\/suasesport.com\/ca\/wp-json\/wp\/v2\/posts\/2294\/revisions"}],"predecessor-version":[{"id":2318,"href":"https:\/\/suasesport.com\/ca\/wp-json\/wp\/v2\/posts\/2294\/revisions\/2318"}],"wp:featuredmedia":[{"embeddable":true,"href":"https:\/\/suasesport.com\/ca\/wp-json\/wp\/v2\/media\/2296"}],"wp:attachment":[{"href":"https:\/\/suasesport.com\/ca\/wp-json\/wp\/v2\/media?parent=2294"}],"wp:term":[{"taxonomy":"category","embeddable":true,"href":"https:\/\/suasesport.com\/ca\/wp-json\/wp\/v2\/categories?post=2294"},{"taxonomy":"post_tag","embeddable":true,"href":"https:\/\/suasesport.com\/ca\/wp-json\/wp\/v2\/tags?post=2294"}],"curies":[{"name":"wp","href":"https:\/\/api.w.org\/{rel}","templated":true}]}}