{"id":22568,"date":"2024-01-28T18:42:38","date_gmt":"2024-01-28T17:42:38","guid":{"rendered":"https:\/\/suasesport.com\/?p=22568"},"modified":"2024-01-28T18:43:24","modified_gmt":"2024-01-28T17:43:24","slug":"els-dos-equips-edi-del-fb-denia-balearia-son-liders-de-les-seues-categories-de-la-lliga-inclusiva","status":"publish","type":"post","link":"https:\/\/suasesport.com\/ca\/els-dos-equips-edi-del-fb-denia-balearia-son-liders-de-les-seues-categories-de-la-lliga-inclusiva\/","title":{"rendered":"Els dos equips EDI del FB D\u00e9nia Bale\u00e0ria s\u00f3n l\u00edders de les seues categories de la Lliga Inclusiva"},"content":{"rendered":"\n<p>Els dos equips EDI del FB D\u00e9nia Fundaci\u00f3 Bale\u00e0ria han comen\u00e7at la Lliga Inclusiva guanyant els partits que han disputat corresponents a les dues primeres jornades i s\u00f3n els l\u00edders de les seues categories. L&#8217;equip A de Segona Divisi\u00f3 en guanyar a l&#8217;Aderes Burjassot (2-0) i al L\u2019Esglai X\u00e0tiva (1-2). L&#8217;equip B de Tercera Divisi\u00f3 en v\u00e9ncer al Val\u00e8ncia CF D (0-1) i a l&#8217;Espurna Daim\u00fas (6-0). <\/p>\n\n<p>La Lliga Inclusiva es juga en diverses jornades d&#8217;anada i tornada per concentraci\u00f3. \u00c9s a dir, un mateix dia es realitza una jornada de conviv\u00e8ncia en la qual es disputen dues jornades de lliga, ja que els equips que les juguen s\u00f3n de les tres prov\u00edncies de la Comunitat. Aix\u00ed hui s&#8217;han jugat les dues primeres jornades a Port de Sagunt. En Segona Divisi\u00f3 juguen quatre equips: L\u2019Esglai de X\u00e0tiva, FB D\u00e9nia Fundaci\u00f3 Bale\u00e0ria, CD Onda i Aderes Burjassot. En Tercera Divisi\u00f3 tamb\u00e9 hi ha quatre equips: Val\u00e8ncia CF D, FB D\u00e9nia Fundaci\u00f3 Bale\u00e0ria, Vila-real CF B i Fundaci\u00f3 Espurna Daim\u00fas. <\/p>\n\n<p>La pr\u00f2xima conviv\u00e8ncia en la qual es jugaran les jornades 3 i 4 de la lliga ser\u00e0 el 25 de febrer a L&#8217;Eliana. <\/p>\n\n<p><\/p>\n\n<figure class=\"wp-block-gallery has-nested-images columns-default is-cropped wp-block-gallery-2 is-layout-flex wp-block-gallery-is-layout-flex\">\n<figure class=\"wp-block-image size-large\"><img loading=\"lazy\" decoding=\"async\" width=\"1024\" height=\"472\" data-id=\"22562\" src=\"https:\/\/suasesport.com\/wp-content\/uploads\/2024\/01\/7ce90f0f-d653-48f9-b2ce-722fbf718715-1024x472.jpg\" alt=\"\" class=\"wp-image-22562\" srcset=\"https:\/\/suasesport.com\/wp-content\/uploads\/2024\/01\/7ce90f0f-d653-48f9-b2ce-722fbf718715-1024x472.jpg 1024w, https:\/\/suasesport.com\/wp-content\/uploads\/2024\/01\/7ce90f0f-d653-48f9-b2ce-722fbf718715-300x138.jpg 300w, https:\/\/suasesport.com\/wp-content\/uploads\/2024\/01\/7ce90f0f-d653-48f9-b2ce-722fbf718715-768x354.jpg 768w, https:\/\/suasesport.com\/wp-content\/uploads\/2024\/01\/7ce90f0f-d653-48f9-b2ce-722fbf718715-1536x708.jpg 1536w, https:\/\/suasesport.com\/wp-content\/uploads\/2024\/01\/7ce90f0f-d653-48f9-b2ce-722fbf718715-1080x498.jpg 1080w, https:\/\/suasesport.com\/wp-content\/uploads\/2024\/01\/7ce90f0f-d653-48f9-b2ce-722fbf718715.jpg 1600w\" sizes=\"auto, (max-width: 1024px) 100vw, 1024px\" \/><figcaption class=\"wp-element-caption\"><strong><em>FB D\u00e9nia Fundaci\u00f3 Bale\u00e0ria A.<\/em><\/strong> <\/figcaption><\/figure>\n<\/figure>\n\n<p><\/p>\n\n<p><\/p>\n\n<figure class=\"wp-block-gallery has-nested-images columns-default is-cropped wp-block-gallery-3 is-layout-flex wp-block-gallery-is-layout-flex\">\n<figure class=\"wp-block-image size-large\"><img loading=\"lazy\" decoding=\"async\" width=\"1024\" height=\"653\" data-id=\"22564\" src=\"https:\/\/suasesport.com\/wp-content\/uploads\/2024\/01\/04481e2e-a018-4878-a421-005ecbd57803-1024x653.jpg\" alt=\"\" class=\"wp-image-22564\" srcset=\"https:\/\/suasesport.com\/wp-content\/uploads\/2024\/01\/04481e2e-a018-4878-a421-005ecbd57803-1024x653.jpg 1024w, https:\/\/suasesport.com\/wp-content\/uploads\/2024\/01\/04481e2e-a018-4878-a421-005ecbd57803-300x191.jpg 300w, https:\/\/suasesport.com\/wp-content\/uploads\/2024\/01\/04481e2e-a018-4878-a421-005ecbd57803-768x490.jpg 768w, https:\/\/suasesport.com\/wp-content\/uploads\/2024\/01\/04481e2e-a018-4878-a421-005ecbd57803-1536x979.jpg 1536w, https:\/\/suasesport.com\/wp-content\/uploads\/2024\/01\/04481e2e-a018-4878-a421-005ecbd57803-1080x689.jpg 1080w, https:\/\/suasesport.com\/wp-content\/uploads\/2024\/01\/04481e2e-a018-4878-a421-005ecbd57803.jpg 1600w\" sizes=\"auto, (max-width: 1024px) 100vw, 1024px\" \/><figcaption class=\"wp-element-caption\"><strong><em>FB D\u00e9nia Fundaci\u00f3 Bale\u00e0ria B.<\/em><\/strong> <\/figcaption><\/figure>\n<\/figure>\n","protected":false},"excerpt":{"rendered":"<p>Els dos equips EDI del FB D\u00e9nia Fundaci\u00f3 Bale\u00e0ria han comen\u00e7at la Lliga Inclusiva guanyant els partits que han disputat corresponents a les dues primeres jornades i s\u00f3n els l\u00edders de les seues categories. L&#8217;equip A de Segona Divisi\u00f3 en guanyar a l&#8217;Aderes Burjassot (2-0) i al L\u2019Esglai X\u00e0tiva (1-2). L&#8217;equip B de Tercera Divisi\u00f3&hellip; <a class=\"more-link\" href=\"https:\/\/suasesport.com\/ca\/els-dos-equips-edi-del-fb-denia-balearia-son-liders-de-les-seues-categories-de-la-lliga-inclusiva\/\">Continueu llegint <span class=\"screen-reader-text\">Els dos equips EDI del FB D\u00e9nia Bale\u00e0ria s\u00f3n l\u00edders de les seues categories de la Lliga Inclusiva<\/span><\/a><\/p>\n","protected":false},"author":1,"featured_media":22561,"comment_status":"open","ping_status":"open","sticky":false,"template":"","format":"standard","meta":{"footnotes":""},"categories":[97,156],"tags":[],"class_list":["post-22568","post","type-post","status-publish","format-standard","has-post-thumbnail","hentry","category-futbol-ca","category-futbol-8-ca","entry"],"_links":{"self":[{"href":"https:\/\/suasesport.com\/ca\/wp-json\/wp\/v2\/posts\/22568","targetHints":{"allow":["GET"]}}],"collection":[{"href":"https:\/\/suasesport.com\/ca\/wp-json\/wp\/v2\/posts"}],"about":[{"href":"https:\/\/suasesport.com\/ca\/wp-json\/wp\/v2\/types\/post"}],"author":[{"embeddable":true,"href":"https:\/\/suasesport.com\/ca\/wp-json\/wp\/v2\/users\/1"}],"replies":[{"embeddable":true,"href":"https:\/\/suasesport.com\/ca\/wp-json\/wp\/v2\/comments?post=22568"}],"version-history":[{"count":2,"href":"https:\/\/suasesport.com\/ca\/wp-json\/wp\/v2\/posts\/22568\/revisions"}],"predecessor-version":[{"id":22571,"href":"https:\/\/suasesport.com\/ca\/wp-json\/wp\/v2\/posts\/22568\/revisions\/22571"}],"wp:featuredmedia":[{"embeddable":true,"href":"https:\/\/suasesport.com\/ca\/wp-json\/wp\/v2\/media\/22561"}],"wp:attachment":[{"href":"https:\/\/suasesport.com\/ca\/wp-json\/wp\/v2\/media?parent=22568"}],"wp:term":[{"taxonomy":"category","embeddable":true,"href":"https:\/\/suasesport.com\/ca\/wp-json\/wp\/v2\/categories?post=22568"},{"taxonomy":"post_tag","embeddable":true,"href":"https:\/\/suasesport.com\/ca\/wp-json\/wp\/v2\/tags?post=22568"}],"curies":[{"name":"wp","href":"https:\/\/api.w.org\/{rel}","templated":true}]}}