{"id":22531,"date":"2024-01-27T09:40:19","date_gmt":"2024-01-27T08:40:19","guid":{"rendered":"https:\/\/suasesport.com\/?p=22531"},"modified":"2024-01-27T09:41:00","modified_gmt":"2024-01-27T08:41:00","slug":"el-calpi-carlos-alonso-i-el-denier-jose-iglesias-a-semifinals-del-campionat-despana-sub-19","status":"publish","type":"post","link":"https:\/\/suasesport.com\/ca\/el-calpi-carlos-alonso-i-el-denier-jose-iglesias-a-semifinals-del-campionat-despana-sub-19\/","title":{"rendered":"El calp\u00ed Carlos Alonso i el denier Jos\u00e9 Iglesias a semifinals del Campionat d&#8217;Espa\u00f1a Sub 19"},"content":{"rendered":"\n<p>El calp\u00ed Carlos Alonso i el denier Jos\u00e9 Iglesias disputaran amb la Valenciana les semifinals del Campionat d&#8217;Espanya de Seleccions Auton\u00f2miques Sub 19. I ho fan despr\u00e9s de la vict\u00f2ria de la selecci\u00f3 davant M\u00farcia (2-1) en els quarts de final. La Valenciana s&#8217;enfronta en la semifinal a Castella-la Manxa, que va guanyar a Catalunya (5-4). La semifinal es juga hui dissabte a les 12 hores. Els dos jugadors de la comarca estan m\u00e9s prop de la final i per tant de complir el somni de ser campions d&#8217;Espanya. Cal recordar que la Valenciana no guanya el t\u00edtol des de 2012. <\/p>\n\n<p>Carlos Alonso va ser un dels protagonistes del partit en aconseguir el gol de l&#8217;empat, de doble penal, a falta de quatre minuts per al descans. El porter denier Jos\u00e9 Iglesias no va jugar de titular ja que ho va fer Carlos P\u00e9rez, que va tindre una gran actuaci\u00f3 baix els pals i va ser l&#8217;altre protagonista de l&#8217;encontre. <\/p>\n\n<p><\/p>\n\n<figure class=\"wp-block-gallery has-nested-images columns-default is-cropped wp-block-gallery-2 is-layout-flex wp-block-gallery-is-layout-flex\">\n<figure class=\"wp-block-image size-large\"><img loading=\"lazy\" decoding=\"async\" width=\"1024\" height=\"682\" data-id=\"22521\" src=\"https:\/\/suasesport.com\/wp-content\/uploads\/2024\/01\/WhatsApp-Image-2024-01-26-at-17.41.38-1024x682.jpeg\" alt=\"\" class=\"wp-image-22521\" srcset=\"https:\/\/suasesport.com\/wp-content\/uploads\/2024\/01\/WhatsApp-Image-2024-01-26-at-17.41.38-1024x682.jpeg 1024w, https:\/\/suasesport.com\/wp-content\/uploads\/2024\/01\/WhatsApp-Image-2024-01-26-at-17.41.38-300x200.jpeg 300w, https:\/\/suasesport.com\/wp-content\/uploads\/2024\/01\/WhatsApp-Image-2024-01-26-at-17.41.38-768x512.jpeg 768w, https:\/\/suasesport.com\/wp-content\/uploads\/2024\/01\/WhatsApp-Image-2024-01-26-at-17.41.38-1536x1023.jpeg 1536w, https:\/\/suasesport.com\/wp-content\/uploads\/2024\/01\/WhatsApp-Image-2024-01-26-at-17.41.38-1080x720.jpeg 1080w, https:\/\/suasesport.com\/wp-content\/uploads\/2024\/01\/WhatsApp-Image-2024-01-26-at-17.41.38.jpeg 1600w\" sizes=\"auto, (max-width: 1024px) 100vw, 1024px\" \/><\/figure>\n\n\n\n<figure class=\"wp-block-image size-large\"><img loading=\"lazy\" decoding=\"async\" width=\"1024\" height=\"682\" data-id=\"22523\" src=\"https:\/\/suasesport.com\/wp-content\/uploads\/2024\/01\/WhatsApp-Image-2024-01-26-at-17.40.01-1024x682.jpeg\" alt=\"\" class=\"wp-image-22523\" srcset=\"https:\/\/suasesport.com\/wp-content\/uploads\/2024\/01\/WhatsApp-Image-2024-01-26-at-17.40.01-1024x682.jpeg 1024w, https:\/\/suasesport.com\/wp-content\/uploads\/2024\/01\/WhatsApp-Image-2024-01-26-at-17.40.01-300x200.jpeg 300w, https:\/\/suasesport.com\/wp-content\/uploads\/2024\/01\/WhatsApp-Image-2024-01-26-at-17.40.01-768x512.jpeg 768w, https:\/\/suasesport.com\/wp-content\/uploads\/2024\/01\/WhatsApp-Image-2024-01-26-at-17.40.01-1536x1023.jpeg 1536w, https:\/\/suasesport.com\/wp-content\/uploads\/2024\/01\/WhatsApp-Image-2024-01-26-at-17.40.01-1080x720.jpeg 1080w, https:\/\/suasesport.com\/wp-content\/uploads\/2024\/01\/WhatsApp-Image-2024-01-26-at-17.40.01.jpeg 1600w\" sizes=\"auto, (max-width: 1024px) 100vw, 1024px\" \/><\/figure>\n<\/figure>\n","protected":false},"excerpt":{"rendered":"<p>El calp\u00ed Carlos Alonso i el denier Jos\u00e9 Iglesias disputaran amb la Valenciana les semifinals del Campionat d&#8217;Espanya de Seleccions Auton\u00f2miques Sub 19. I ho fan despr\u00e9s de la vict\u00f2ria de la selecci\u00f3 davant M\u00farcia (2-1) en els quarts de final. La Valenciana s&#8217;enfronta en la semifinal a Castella-la Manxa, que va guanyar a Catalunya&hellip; <a class=\"more-link\" href=\"https:\/\/suasesport.com\/ca\/el-calpi-carlos-alonso-i-el-denier-jose-iglesias-a-semifinals-del-campionat-despana-sub-19\/\">Continueu llegint <span class=\"screen-reader-text\">El calp\u00ed Carlos Alonso i el denier Jos\u00e9 Iglesias a semifinals del Campionat d&#8217;Espa\u00f1a Sub 19<\/span><\/a><\/p>\n","protected":false},"author":1,"featured_media":22526,"comment_status":"open","ping_status":"open","sticky":false,"template":"","format":"standard","meta":{"footnotes":""},"categories":[96],"tags":[],"class_list":["post-22531","post","type-post","status-publish","format-standard","has-post-thumbnail","hentry","category-f-sala-ca","entry"],"_links":{"self":[{"href":"https:\/\/suasesport.com\/ca\/wp-json\/wp\/v2\/posts\/22531","targetHints":{"allow":["GET"]}}],"collection":[{"href":"https:\/\/suasesport.com\/ca\/wp-json\/wp\/v2\/posts"}],"about":[{"href":"https:\/\/suasesport.com\/ca\/wp-json\/wp\/v2\/types\/post"}],"author":[{"embeddable":true,"href":"https:\/\/suasesport.com\/ca\/wp-json\/wp\/v2\/users\/1"}],"replies":[{"embeddable":true,"href":"https:\/\/suasesport.com\/ca\/wp-json\/wp\/v2\/comments?post=22531"}],"version-history":[{"count":1,"href":"https:\/\/suasesport.com\/ca\/wp-json\/wp\/v2\/posts\/22531\/revisions"}],"predecessor-version":[{"id":22532,"href":"https:\/\/suasesport.com\/ca\/wp-json\/wp\/v2\/posts\/22531\/revisions\/22532"}],"wp:featuredmedia":[{"embeddable":true,"href":"https:\/\/suasesport.com\/ca\/wp-json\/wp\/v2\/media\/22526"}],"wp:attachment":[{"href":"https:\/\/suasesport.com\/ca\/wp-json\/wp\/v2\/media?parent=22531"}],"wp:term":[{"taxonomy":"category","embeddable":true,"href":"https:\/\/suasesport.com\/ca\/wp-json\/wp\/v2\/categories?post=22531"},{"taxonomy":"post_tag","embeddable":true,"href":"https:\/\/suasesport.com\/ca\/wp-json\/wp\/v2\/tags?post=22531"}],"curies":[{"name":"wp","href":"https:\/\/api.w.org\/{rel}","templated":true}]}}