{"id":21035,"date":"2023-12-10T10:56:13","date_gmt":"2023-12-10T09:56:13","guid":{"rendered":"https:\/\/suasesport.com\/?p=21035"},"modified":"2023-12-10T10:56:52","modified_gmt":"2023-12-10T09:56:52","slug":"irene-molina-denia-i-gemma-pastor-el-verger-disputaran-amb-la-valenciana-el-cessa-sub-17","status":"publish","type":"post","link":"https:\/\/suasesport.com\/ca\/irene-molina-denia-i-gemma-pastor-el-verger-disputaran-amb-la-valenciana-el-cessa-sub-17\/","title":{"rendered":"Irene Molina (D\u00e9nia) i Gemma Pastor (El Verger) disputaran amb la Valenciana el CESSA Sub 17"},"content":{"rendered":"\n<p>La deniera Irene Molina Delgado i la vergerina Gemma Pastor Pino disputaran el Campionat d&#8217;Espanya de Seleccions Auton\u00f2miques (CESSA) de Futbol Sub 17 amb la Selecci\u00f3 Valenciana Valenta. La primera fase del nacional es disputa el pr\u00f2xim cap de setmana a L&#8217;Alc\u00fadia. La Valenciana s&#8217;enfrontar\u00e0 en eixa primera fase a les seleccions d&#8217;Andalusia el dissabte 16 a les 12.15 hores, i amb la de Cant\u00e0bria el diumenge 17 a les 12.15 h. <\/p>\n\n<p>Irene Molina (Llevant) i Gemma Pastor (Val\u00e8ncia F\u00e9mines) han sigut fixes en les convocat\u00f2ries de la seleccionadora Alicia Moreno des que s&#8217;iniciara la preparaci\u00f3 del CESA. <\/p>\n\n<p><\/p>\n\n<figure class=\"wp-block-gallery has-nested-images columns-default is-cropped wp-block-gallery-2 is-layout-flex wp-block-gallery-is-layout-flex\">\n<figure class=\"wp-block-image size-large\"><img loading=\"lazy\" decoding=\"async\" width=\"1024\" height=\"776\" data-id=\"21029\" src=\"https:\/\/suasesport.com\/wp-content\/uploads\/2023\/12\/391747015_743284624502941_2642904662933125505_n-1024x776.jpg\" alt=\"\" class=\"wp-image-21029\" srcset=\"https:\/\/suasesport.com\/wp-content\/uploads\/2023\/12\/391747015_743284624502941_2642904662933125505_n-1024x776.jpg 1024w, https:\/\/suasesport.com\/wp-content\/uploads\/2023\/12\/391747015_743284624502941_2642904662933125505_n-300x227.jpg 300w, https:\/\/suasesport.com\/wp-content\/uploads\/2023\/12\/391747015_743284624502941_2642904662933125505_n-768x582.jpg 768w, https:\/\/suasesport.com\/wp-content\/uploads\/2023\/12\/391747015_743284624502941_2642904662933125505_n-1536x1164.jpg 1536w, https:\/\/suasesport.com\/wp-content\/uploads\/2023\/12\/391747015_743284624502941_2642904662933125505_n-1080x818.jpg 1080w, https:\/\/suasesport.com\/wp-content\/uploads\/2023\/12\/391747015_743284624502941_2642904662933125505_n.jpg 2048w\" sizes=\"auto, (max-width: 1024px) 100vw, 1024px\" \/><figcaption class=\"wp-element-caption\"><strong><em>Irene Molina. <\/em><\/strong><\/figcaption><\/figure>\n<\/figure>\n\n<p><\/p>\n\n<p><\/p>\n\n<figure class=\"wp-block-gallery has-nested-images columns-default is-cropped wp-block-gallery-3 is-layout-flex wp-block-gallery-is-layout-flex\">\n<figure class=\"wp-block-image size-large\"><img loading=\"lazy\" decoding=\"async\" width=\"1024\" height=\"610\" data-id=\"21031\" src=\"https:\/\/suasesport.com\/wp-content\/uploads\/2023\/12\/391733716_743284021169668_4896257476638119724_n-1024x610.jpg\" alt=\"\" class=\"wp-image-21031\" srcset=\"https:\/\/suasesport.com\/wp-content\/uploads\/2023\/12\/391733716_743284021169668_4896257476638119724_n-1024x610.jpg 1024w, https:\/\/suasesport.com\/wp-content\/uploads\/2023\/12\/391733716_743284021169668_4896257476638119724_n-300x179.jpg 300w, https:\/\/suasesport.com\/wp-content\/uploads\/2023\/12\/391733716_743284021169668_4896257476638119724_n-768x458.jpg 768w, https:\/\/suasesport.com\/wp-content\/uploads\/2023\/12\/391733716_743284021169668_4896257476638119724_n-1536x915.jpg 1536w, https:\/\/suasesport.com\/wp-content\/uploads\/2023\/12\/391733716_743284021169668_4896257476638119724_n-1080x643.jpg 1080w, https:\/\/suasesport.com\/wp-content\/uploads\/2023\/12\/391733716_743284021169668_4896257476638119724_n.jpg 2048w\" sizes=\"auto, (max-width: 1024px) 100vw, 1024px\" \/><figcaption class=\"wp-element-caption\"><strong><em>Gemma Pastor.<\/em><\/strong> <\/figcaption><\/figure>\n<\/figure>\n","protected":false},"excerpt":{"rendered":"<p>La deniera Irene Molina Delgado i la vergerina Gemma Pastor Pino disputaran el Campionat d&#8217;Espanya de Seleccions Auton\u00f2miques (CESSA) de Futbol Sub 17 amb la Selecci\u00f3 Valenciana Valenta. La primera fase del nacional es disputa el pr\u00f2xim cap de setmana a L&#8217;Alc\u00fadia. La Valenciana s&#8217;enfrontar\u00e0 en eixa primera fase a les seleccions d&#8217;Andalusia el dissabte&hellip; <a class=\"more-link\" href=\"https:\/\/suasesport.com\/ca\/irene-molina-denia-i-gemma-pastor-el-verger-disputaran-amb-la-valenciana-el-cessa-sub-17\/\">Continueu llegint <span class=\"screen-reader-text\">Irene Molina (D\u00e9nia) i Gemma Pastor (El Verger) disputaran amb la Valenciana el CESSA Sub 17<\/span><\/a><\/p>\n","protected":false},"author":1,"featured_media":21028,"comment_status":"open","ping_status":"open","sticky":false,"template":"","format":"standard","meta":{"footnotes":""},"categories":[97,161],"tags":[],"class_list":["post-21035","post","type-post","status-publish","format-standard","has-post-thumbnail","hentry","category-futbol-ca","category-futbol-femeni-11","entry"],"_links":{"self":[{"href":"https:\/\/suasesport.com\/ca\/wp-json\/wp\/v2\/posts\/21035","targetHints":{"allow":["GET"]}}],"collection":[{"href":"https:\/\/suasesport.com\/ca\/wp-json\/wp\/v2\/posts"}],"about":[{"href":"https:\/\/suasesport.com\/ca\/wp-json\/wp\/v2\/types\/post"}],"author":[{"embeddable":true,"href":"https:\/\/suasesport.com\/ca\/wp-json\/wp\/v2\/users\/1"}],"replies":[{"embeddable":true,"href":"https:\/\/suasesport.com\/ca\/wp-json\/wp\/v2\/comments?post=21035"}],"version-history":[{"count":3,"href":"https:\/\/suasesport.com\/ca\/wp-json\/wp\/v2\/posts\/21035\/revisions"}],"predecessor-version":[{"id":21038,"href":"https:\/\/suasesport.com\/ca\/wp-json\/wp\/v2\/posts\/21035\/revisions\/21038"}],"wp:featuredmedia":[{"embeddable":true,"href":"https:\/\/suasesport.com\/ca\/wp-json\/wp\/v2\/media\/21028"}],"wp:attachment":[{"href":"https:\/\/suasesport.com\/ca\/wp-json\/wp\/v2\/media?parent=21035"}],"wp:term":[{"taxonomy":"category","embeddable":true,"href":"https:\/\/suasesport.com\/ca\/wp-json\/wp\/v2\/categories?post=21035"},{"taxonomy":"post_tag","embeddable":true,"href":"https:\/\/suasesport.com\/ca\/wp-json\/wp\/v2\/tags?post=21035"}],"curies":[{"name":"wp","href":"https:\/\/api.w.org\/{rel}","templated":true}]}}