{"id":20254,"date":"2023-11-08T20:33:42","date_gmt":"2023-11-08T19:33:42","guid":{"rendered":"https:\/\/suasesport.com\/?p=20254"},"modified":"2023-11-08T20:34:09","modified_gmt":"2023-11-08T19:34:09","slug":"denou-jugadors-de-la-comarca-convocats-per-a-entrenar-amb-la-valenciana-sub-14","status":"publish","type":"post","link":"https:\/\/suasesport.com\/ca\/denou-jugadors-de-la-comarca-convocats-per-a-entrenar-amb-la-valenciana-sub-14\/","title":{"rendered":"D\u00e8nou jugadors de la comarca convocats per a entrenar amb la Valenciana Sub 14"},"content":{"rendered":"\n<p>D\u00e8nou jugadors de la comarca han sigut convocats per a l&#8217;entrenament de tecnificaci\u00f3 que la Selecci\u00f3 Valenciana Sub 14 realitzar\u00e0 a X\u00e0bia el dia 15 de novembre. Esta ser\u00e0 la primera sessi\u00f3 de tecnificaci\u00f3 per a futbolistes de clubs de la prov\u00edncia d&#8217;Alacant. El seleccionador, Juanjo Forn\u00e9s Alberola, ha citat a un total de trenta-dos jugadors, per la qual cosa m\u00e9s de la meitat s\u00f3n de la Marina Alta i que representen als clubs de Teulada Moraira, Ondara, Orba, Gata de Gorgos, Benitatxell, X\u00e0bia, Benissa, Pego, Pedreguer, D\u00e9nia i Calp. <\/p>\n\n\n\n<p>Els futbolista infantils citats s\u00f3n: Xavier Serer Guardado i Zaid Abouyaala Touil del FB Teulada Moraira; Mikel Mart\u00ednez Mar\u00ed i Hugo Morell Peir\u00f3 del CE Esport Viu Ondara; Vicent Pons Mart\u00ednez del Orba CF; Hugo Pons Signes del Gorgos CF; Pablo Benet Lull del FB Benitatxell; Marc Ruiz Cardona del FB El Verger; Reda Boudaoudi El Harras i Izan Puig Ruiz del CDF J\u00e1vea; Luca Coenen i Joan Mestre Femen\u00eda de la UD Benissa; Arnau Ferrer Mengual i Luca Sendra Garc\u00eda del Pego CF; Aitor Mart\u00ednez Femen\u00eda i Aus\u00edas Carri\u00f3 Avell\u00e1 del CE EMF Pedreguer; David Fresneda Llorens i Erik A. Castillo Litardo del FB D\u00e9nia; i Lucca Brizzio Vitullo del CFUD Calpe. <\/p>\n\n\n\n<p>L&#8217;entrenament es realitzar\u00e0 al Poliesportiu Municipal de X\u00e0bia el dimecres 15 de novembre a les 18 hores i els jugadors hauran d&#8217;estar al camp a les 16.45 hores. <\/p>\n\n\n\n<p>FOTO: Entrenament de tecnificaci\u00f3 a Pego la temporada passada. <\/p>\n\n\n\n<p><\/p>\n","protected":false},"excerpt":{"rendered":"<p>D\u00e8nou jugadors de la comarca han sigut convocats per a l&#8217;entrenament de tecnificaci\u00f3 que la Selecci\u00f3 Valenciana Sub 14 realitzar\u00e0 a X\u00e0bia el dia 15 de novembre. Esta ser\u00e0 la primera sessi\u00f3 de tecnificaci\u00f3 per a futbolistes de clubs de la prov\u00edncia d&#8217;Alacant. El seleccionador, Juanjo Forn\u00e9s Alberola, ha citat a un total de trenta-dos&hellip; <a class=\"more-link\" href=\"https:\/\/suasesport.com\/ca\/denou-jugadors-de-la-comarca-convocats-per-a-entrenar-amb-la-valenciana-sub-14\/\">Continueu llegint <span class=\"screen-reader-text\">D\u00e8nou jugadors de la comarca convocats per a entrenar amb la Valenciana Sub 14<\/span><\/a><\/p>\n","protected":false},"author":1,"featured_media":20250,"comment_status":"open","ping_status":"open","sticky":false,"template":"","format":"standard","meta":{"footnotes":""},"categories":[160,97],"tags":[],"class_list":["post-20254","post","type-post","status-publish","format-standard","has-post-thumbnail","hentry","category-escola-futbol-11","category-futbol-ca","entry"],"_links":{"self":[{"href":"https:\/\/suasesport.com\/ca\/wp-json\/wp\/v2\/posts\/20254","targetHints":{"allow":["GET"]}}],"collection":[{"href":"https:\/\/suasesport.com\/ca\/wp-json\/wp\/v2\/posts"}],"about":[{"href":"https:\/\/suasesport.com\/ca\/wp-json\/wp\/v2\/types\/post"}],"author":[{"embeddable":true,"href":"https:\/\/suasesport.com\/ca\/wp-json\/wp\/v2\/users\/1"}],"replies":[{"embeddable":true,"href":"https:\/\/suasesport.com\/ca\/wp-json\/wp\/v2\/comments?post=20254"}],"version-history":[{"count":5,"href":"https:\/\/suasesport.com\/ca\/wp-json\/wp\/v2\/posts\/20254\/revisions"}],"predecessor-version":[{"id":20261,"href":"https:\/\/suasesport.com\/ca\/wp-json\/wp\/v2\/posts\/20254\/revisions\/20261"}],"wp:featuredmedia":[{"embeddable":true,"href":"https:\/\/suasesport.com\/ca\/wp-json\/wp\/v2\/media\/20250"}],"wp:attachment":[{"href":"https:\/\/suasesport.com\/ca\/wp-json\/wp\/v2\/media?parent=20254"}],"wp:term":[{"taxonomy":"category","embeddable":true,"href":"https:\/\/suasesport.com\/ca\/wp-json\/wp\/v2\/categories?post=20254"},{"taxonomy":"post_tag","embeddable":true,"href":"https:\/\/suasesport.com\/ca\/wp-json\/wp\/v2\/tags?post=20254"}],"curies":[{"name":"wp","href":"https:\/\/api.w.org\/{rel}","templated":true}]}}