{"id":18598,"date":"2023-09-28T19:40:17","date_gmt":"2023-09-28T18:40:17","guid":{"rendered":"https:\/\/suasesport.com\/?p=18598"},"modified":"2023-09-28T19:41:00","modified_gmt":"2023-09-28T18:41:00","slug":"paidos-mar-denia-f-fernandez-rep-a-lalboraia-en-el-seu-debut-a-casa-en-lliga-autonomica","status":"publish","type":"post","link":"https:\/\/suasesport.com\/ca\/paidos-mar-denia-f-fernandez-rep-a-lalboraia-en-el-seu-debut-a-casa-en-lliga-autonomica\/","title":{"rendered":"Paidos Mar D\u00e9nia F. Fern\u00e1ndez rep a l&#8217;Alboraia en el seu debut a casa en Lliga Auton\u00f2mica"},"content":{"rendered":"\n<p>Paidos Mar D\u00e9nia Fontaner\u00eda Fern\u00e1ndez afronta davant el CD Sant Tom\u00e0s de Villanueva d&#8217;Alboraia el segon partit de la Lliga Auton\u00f2mica, categoria en la qual est\u00e0 despr\u00e9s de descendir la temporada passada de Divisi\u00f3 d&#8217;Honor Juvenil. Els col\u00b7legials, aquesta temporada estan entrenats per Lu\u00eds Llinares, que arriben a aquest encuentre despr\u00e9s d&#8217;empatar en la primera jornada amb l&#8217;Alzira (3-3). El seu rival l&#8217;Alboraia arriba despr\u00e9s de perdre a casa amb l&#8217;Aspe (6-8). <\/p>\n\n\n\n<p>El partit davant el conjunt d&#8217;Alboraia es disputar\u00e0 el dissabte a les 16 hores al Pavell\u00f3 Municipal de D\u00e9nia a les 16 hores. <\/p>\n\n\n\n<p>En la Lliga Auton\u00f2mica juguen un total de setze equips. A m\u00e9s del Paidos estan: el Pin\u00f3s Ath. Castalla, Valencia FS, Joventut d\u2019Elx, Aspe, Alzira, Vilamarxant, L\u2019Alcora, CD Santo Tom\u00e1s de Villanueva de Alboraya, Mislata, Segorbe Pe\u00f1arrocha i Santa Ana. <\/p>\n\n\n\n<p>ALZIRA 3, PAIDOS MAR D\u00c9NIA F. FERN\u00c1NDEZ 3 <\/p>\n\n\n\n<p> El Paidos Mar D\u00e9nia Fontaner\u00eda Fern\u00e1ndez va sumar un punt en el seu debut de lliga. Els deniers van comen\u00e7ar molt b\u00e9 el partit, cobrant avantatge en en el marcador de dos gols, anotats per Pablo Montaner (5\u2019) i Andreu Ivars (8\u2019). Els locals van reduir difer\u00e8ncies un minut m\u00e9s tard (1-2). En el minut 16, Pau Valero marcava el 1-3, resultat amb el qual es van anar al descans. En la segona part, l&#8217;Alzira va prendre va prendre la iniciativa en el joc i va marcar dos gols que va posar l&#8217;empat a tres. <\/p>\n\n\n\n<p>VICT\u00d2RIES DELS INFANTILS I CADETS <\/p>\n\n\n\n<p>D&#8217;altra banda, els equips infantil i cadet del Paidos D\u00e9nia tamb\u00e9 van debutar la jornada passada en la lliga i tots dos ho van fer a casa amb el Castalla. I tots dos ho van fer amb una vict\u00f2ria. L&#8217;infantil A va guanyar per 5-1 mentre que els cadets ho van fer per 3-1. <\/p>\n\n\n\n<p>Els dos equips deniers militen en Primera Regional en el Grup d&#8217;Alacant, de les seues respectives categories. <\/p>\n\n\n\n<p>Els cadets es desplacen per a jugar contra La Nucia. L&#8217;encontre es juga en el Pavell\u00f3 Cam\u00ed Canut el dissabte a les 18 hores. <\/p>\n\n\n\n<p>L&#8217;infantil A tamb\u00e9 juga fora de casa i ho fa davant La Vila A. El partit tamb\u00e9 es juga el dissabte, a les 12 hores en el Pavell\u00f3 Malladeta de la Vila Joiosa. <\/p>\n\n\n\n<p><\/p>\n\n\n\n<figure class=\"wp-block-gallery has-nested-images columns-default is-cropped wp-block-gallery-2 is-layout-flex wp-block-gallery-is-layout-flex\">\n<figure class=\"wp-block-image size-large\"><img loading=\"lazy\" decoding=\"async\" width=\"1024\" height=\"768\" data-id=\"18593\" src=\"https:\/\/suasesport.com\/wp-content\/uploads\/2023\/09\/CADETEPAIDOS-1024x768.jpg\" alt=\"\" class=\"wp-image-18593\" srcset=\"https:\/\/suasesport.com\/wp-content\/uploads\/2023\/09\/CADETEPAIDOS-1024x768.jpg 1024w, https:\/\/suasesport.com\/wp-content\/uploads\/2023\/09\/CADETEPAIDOS-300x225.jpg 300w, https:\/\/suasesport.com\/wp-content\/uploads\/2023\/09\/CADETEPAIDOS-768x576.jpg 768w, https:\/\/suasesport.com\/wp-content\/uploads\/2023\/09\/CADETEPAIDOS-1536x1152.jpg 1536w, https:\/\/suasesport.com\/wp-content\/uploads\/2023\/09\/CADETEPAIDOS-2048x1536.jpg 2048w, https:\/\/suasesport.com\/wp-content\/uploads\/2023\/09\/CADETEPAIDOS-1080x810.jpg 1080w\" sizes=\"auto, (max-width: 1024px) 100vw, 1024px\" \/><figcaption class=\"wp-element-caption\"><strong><em>Els cadets.<\/em><\/strong> <\/figcaption><\/figure>\n<\/figure>\n\n\n\n<p><\/p>\n\n\n\n<p><\/p>\n\n\n\n<figure class=\"wp-block-gallery has-nested-images columns-default is-cropped wp-block-gallery-3 is-layout-flex wp-block-gallery-is-layout-flex\">\n<figure class=\"wp-block-image size-large\"><img loading=\"lazy\" decoding=\"async\" width=\"1024\" height=\"473\" data-id=\"18595\" src=\"https:\/\/suasesport.com\/wp-content\/uploads\/2023\/09\/PAIDOSINFANTIL-1024x473.png\" alt=\"\" class=\"wp-image-18595\" srcset=\"https:\/\/suasesport.com\/wp-content\/uploads\/2023\/09\/PAIDOSINFANTIL-1024x473.png 1024w, https:\/\/suasesport.com\/wp-content\/uploads\/2023\/09\/PAIDOSINFANTIL-300x139.png 300w, https:\/\/suasesport.com\/wp-content\/uploads\/2023\/09\/PAIDOSINFANTIL-768x355.png 768w, https:\/\/suasesport.com\/wp-content\/uploads\/2023\/09\/PAIDOSINFANTIL-1536x710.png 1536w, https:\/\/suasesport.com\/wp-content\/uploads\/2023\/09\/PAIDOSINFANTIL-2048x947.png 2048w, https:\/\/suasesport.com\/wp-content\/uploads\/2023\/09\/PAIDOSINFANTIL-1080x499.png 1080w\" sizes=\"auto, (max-width: 1024px) 100vw, 1024px\" \/><figcaption class=\"wp-element-caption\"><strong><em>Els infatils.<\/em> <\/strong><\/figcaption><\/figure>\n<\/figure>\n","protected":false},"excerpt":{"rendered":"<p>Paidos Mar D\u00e9nia Fontaner\u00eda Fern\u00e1ndez afronta davant el CD Sant Tom\u00e0s de Villanueva d&#8217;Alboraia el segon partit de la Lliga Auton\u00f2mica, categoria en la qual est\u00e0 despr\u00e9s de descendir la temporada passada de Divisi\u00f3 d&#8217;Honor Juvenil. Els col\u00b7legials, aquesta temporada estan entrenats per Lu\u00eds Llinares, que arriben a aquest encuentre despr\u00e9s d&#8217;empatar en la primera&hellip; <a class=\"more-link\" href=\"https:\/\/suasesport.com\/ca\/paidos-mar-denia-f-fernandez-rep-a-lalboraia-en-el-seu-debut-a-casa-en-lliga-autonomica\/\">Continueu llegint <span class=\"screen-reader-text\">Paidos Mar D\u00e9nia F. Fern\u00e1ndez rep a l&#8217;Alboraia en el seu debut a casa en Lliga Auton\u00f2mica<\/span><\/a><\/p>\n","protected":false},"author":1,"featured_media":18592,"comment_status":"open","ping_status":"open","sticky":false,"template":"","format":"standard","meta":{"footnotes":""},"categories":[96,162],"tags":[],"class_list":["post-18598","post","type-post","status-publish","format-standard","has-post-thumbnail","hentry","category-f-sala-ca","category-juvenils","entry"],"_links":{"self":[{"href":"https:\/\/suasesport.com\/ca\/wp-json\/wp\/v2\/posts\/18598","targetHints":{"allow":["GET"]}}],"collection":[{"href":"https:\/\/suasesport.com\/ca\/wp-json\/wp\/v2\/posts"}],"about":[{"href":"https:\/\/suasesport.com\/ca\/wp-json\/wp\/v2\/types\/post"}],"author":[{"embeddable":true,"href":"https:\/\/suasesport.com\/ca\/wp-json\/wp\/v2\/users\/1"}],"replies":[{"embeddable":true,"href":"https:\/\/suasesport.com\/ca\/wp-json\/wp\/v2\/comments?post=18598"}],"version-history":[{"count":3,"href":"https:\/\/suasesport.com\/ca\/wp-json\/wp\/v2\/posts\/18598\/revisions"}],"predecessor-version":[{"id":18603,"href":"https:\/\/suasesport.com\/ca\/wp-json\/wp\/v2\/posts\/18598\/revisions\/18603"}],"wp:featuredmedia":[{"embeddable":true,"href":"https:\/\/suasesport.com\/ca\/wp-json\/wp\/v2\/media\/18592"}],"wp:attachment":[{"href":"https:\/\/suasesport.com\/ca\/wp-json\/wp\/v2\/media?parent=18598"}],"wp:term":[{"taxonomy":"category","embeddable":true,"href":"https:\/\/suasesport.com\/ca\/wp-json\/wp\/v2\/categories?post=18598"},{"taxonomy":"post_tag","embeddable":true,"href":"https:\/\/suasesport.com\/ca\/wp-json\/wp\/v2\/tags?post=18598"}],"curies":[{"name":"wp","href":"https:\/\/api.w.org\/{rel}","templated":true}]}}