{"id":15306,"date":"2023-06-16T11:14:09","date_gmt":"2023-06-16T10:14:09","guid":{"rendered":"https:\/\/suasesport.com\/?p=15306"},"modified":"2023-06-16T11:14:42","modified_gmt":"2023-06-16T10:14:42","slug":"el-memorial-juan-villalba-prebenjami-es-disputa-dema-dissabte-a-el-rodat","status":"publish","type":"post","link":"https:\/\/suasesport.com\/ca\/el-memorial-juan-villalba-prebenjami-es-disputa-dema-dissabte-a-el-rodat\/","title":{"rendered":"El Memorial Juan Villalba prebenjam\u00ed es disputa dem\u00e0 dissabte a El Rodat"},"content":{"rendered":"\n<p>La desena edici\u00f3 del Memorial Juan Villalba prebenjam\u00ed es disputa dem\u00e0 dissabte al camp El Rodat de D\u00e9nia. Huit equips juguen aquest torneig que comen\u00e7ar\u00e0 a les 9.30 hores i finalitzar\u00e0 a les 14.30 hores amb el lliurament dels trofeus. <\/p>\n\n\n\n<p>Els huit equips participants estan dividits en dos grups de quatre. En el Grupo A estan: FB D\u00e9nia A1, Beniopa, UD Oliva i Carlet; i en el Grupo B: FB D\u00e9nia A2, Bellreguard, Calpe i Malilla. Els dos primers classificats de cada grup disputaran les semifinals i els vencedors d&#8217;aquestes la final. <\/p>\n\n\n\n<p>ELS HORARIS <\/p>\n\n\n\n<p>A les 9.30 h: D\u00e9nia A1-Oliva i D\u00e9nia A2-Calp<\/p>\n\n\n\n<p>A les 10.05 h.: Beniopa-Carlet i Bellreguard-Malilla <\/p>\n\n\n\n<p>A les 10.40 h.: D\u00e9nia A1-Beniopa i D\u00e9nia A2-Bellreguard<\/p>\n\n\n\n<p>A les 11.15 h.: Oliva-Carlet i Melilla-Calp <\/p>\n\n\n\n<p>A les 11.50 h.: D\u00e9nia A1-Carlet i Bellreguard-Calp<\/p>\n\n\n\n<p>A les 12.25 h.: Beniopa-Oliva i D\u00e9nia A2-Malilla <\/p>\n\n\n\n<p>A les 13 h.: Semifinals. <\/p>\n\n\n\n<p> A les 13.40 h.: Final. <\/p>\n\n\n\n<p>A les 14.30 h.:Lliuraments trofeus. <\/p>\n\n\n\n<p><\/p>\n","protected":false},"excerpt":{"rendered":"<p>La desena edici\u00f3 del Memorial Juan Villalba prebenjam\u00ed es disputa dem\u00e0 dissabte al camp El Rodat de D\u00e9nia. Huit equips juguen aquest torneig que comen\u00e7ar\u00e0 a les 9.30 hores i finalitzar\u00e0 a les 14.30 hores amb el lliurament dels trofeus. Els huit equips participants estan dividits en dos grups de quatre. En el Grupo A&hellip; <a class=\"more-link\" href=\"https:\/\/suasesport.com\/ca\/el-memorial-juan-villalba-prebenjami-es-disputa-dema-dissabte-a-el-rodat\/\">Continueu llegint <span class=\"screen-reader-text\">El Memorial Juan Villalba prebenjam\u00ed es disputa dem\u00e0 dissabte a El Rodat<\/span><\/a><\/p>\n","protected":false},"author":1,"featured_media":15304,"comment_status":"open","ping_status":"open","sticky":false,"template":"","format":"standard","meta":{"footnotes":""},"categories":[97,156],"tags":[],"class_list":["post-15306","post","type-post","status-publish","format-standard","has-post-thumbnail","hentry","category-futbol-ca","category-futbol-8-ca","entry"],"_links":{"self":[{"href":"https:\/\/suasesport.com\/ca\/wp-json\/wp\/v2\/posts\/15306","targetHints":{"allow":["GET"]}}],"collection":[{"href":"https:\/\/suasesport.com\/ca\/wp-json\/wp\/v2\/posts"}],"about":[{"href":"https:\/\/suasesport.com\/ca\/wp-json\/wp\/v2\/types\/post"}],"author":[{"embeddable":true,"href":"https:\/\/suasesport.com\/ca\/wp-json\/wp\/v2\/users\/1"}],"replies":[{"embeddable":true,"href":"https:\/\/suasesport.com\/ca\/wp-json\/wp\/v2\/comments?post=15306"}],"version-history":[{"count":3,"href":"https:\/\/suasesport.com\/ca\/wp-json\/wp\/v2\/posts\/15306\/revisions"}],"predecessor-version":[{"id":15310,"href":"https:\/\/suasesport.com\/ca\/wp-json\/wp\/v2\/posts\/15306\/revisions\/15310"}],"wp:featuredmedia":[{"embeddable":true,"href":"https:\/\/suasesport.com\/ca\/wp-json\/wp\/v2\/media\/15304"}],"wp:attachment":[{"href":"https:\/\/suasesport.com\/ca\/wp-json\/wp\/v2\/media?parent=15306"}],"wp:term":[{"taxonomy":"category","embeddable":true,"href":"https:\/\/suasesport.com\/ca\/wp-json\/wp\/v2\/categories?post=15306"},{"taxonomy":"post_tag","embeddable":true,"href":"https:\/\/suasesport.com\/ca\/wp-json\/wp\/v2\/tags?post=15306"}],"curies":[{"name":"wp","href":"https:\/\/api.w.org\/{rel}","templated":true}]}}