{"id":11669,"date":"2023-04-06T17:35:08","date_gmt":"2023-04-06T16:35:08","guid":{"rendered":"https:\/\/suasesport.com\/?p=11669"},"modified":"2023-04-06T17:36:02","modified_gmt":"2023-04-06T16:36:02","slug":"el-torneig-infantil-de-pasqua-del-cdf-xabia-es-disputa-dema-divendres","status":"publish","type":"post","link":"https:\/\/suasesport.com\/ca\/el-torneig-infantil-de-pasqua-del-cdf-xabia-es-disputa-dema-divendres\/","title":{"rendered":"El Torneig Infantil de Pasqua del CDF X\u00e0bia es disputa dem\u00e0 divendres&nbsp;"},"content":{"rendered":"\n<p>Una nova edici\u00f3 del Torneig Infantil de Pasqua, que organitza el CDF X\u00e0bia, es disputa dem\u00e0 divendres. El torneig comptar\u00e0 amb la partici\u00f3 de quatre equips, X\u00e0bia, H\u00e8rcules, La Nucia i Lacross Babel. El campionat comen\u00e7ar\u00e0 a les 9 hores i es disputar\u00e0 pel sistema de lligueta tots contra tots. Els partits tindran una duraci\u00f3 de 30 minuts. <\/p>\n\n\n\n<p>L&#8217;horari dels partits \u00e9s el seg\u00fcent: <\/p>\n\n\n\n<p> A les 9 h.: X\u00e0bia-La Nucia<\/p>\n\n\n\n<p>A les 9.45 h.: H\u00e8rcules-Lacross Babel <\/p>\n\n\n\n<p>A les 10.30 h.: La Nucia-Lacross Babel <\/p>\n\n\n\n<p>A les 11.15 h.: X\u00e0bia-H\u00e8rcules <\/p>\n\n\n\n<p>A les 12 h.: H\u00e8rcules-La Nucia <\/p>\n\n\n\n<p>A les 12.45 h.: X\u00e0bia-Lacross Babel <\/p>\n\n\n\n<p>A les 13.30 h.: Lliurament de trofeus. <\/p>\n\n\n","protected":false},"excerpt":{"rendered":"<p>Una nova edici\u00f3 del Torneig Infantil de Pasqua, que organitza el CDF X\u00e0bia, es disputa dem\u00e0 divendres. El torneig comptar\u00e0 amb la partici\u00f3 de quatre equips, X\u00e0bia, H\u00e8rcules, La Nucia i Lacross Babel. El campionat comen\u00e7ar\u00e0 a les 9 hores i es disputar\u00e0 pel sistema de lligueta tots contra tots. Els partits tindran una duraci\u00f3&hellip; <a class=\"more-link\" href=\"https:\/\/suasesport.com\/ca\/el-torneig-infantil-de-pasqua-del-cdf-xabia-es-disputa-dema-divendres\/\">Continueu llegint <span class=\"screen-reader-text\">El Torneig Infantil de Pasqua del CDF X\u00e0bia es disputa dem\u00e0 divendres&nbsp;<\/span><\/a><\/p>\n","protected":false},"author":1,"featured_media":11666,"comment_status":"open","ping_status":"open","sticky":false,"template":"","format":"standard","meta":{"footnotes":""},"categories":[160,97],"tags":[],"class_list":["post-11669","post","type-post","status-publish","format-standard","has-post-thumbnail","hentry","category-escola-futbol-11","category-futbol-ca","entry"],"_links":{"self":[{"href":"https:\/\/suasesport.com\/ca\/wp-json\/wp\/v2\/posts\/11669","targetHints":{"allow":["GET"]}}],"collection":[{"href":"https:\/\/suasesport.com\/ca\/wp-json\/wp\/v2\/posts"}],"about":[{"href":"https:\/\/suasesport.com\/ca\/wp-json\/wp\/v2\/types\/post"}],"author":[{"embeddable":true,"href":"https:\/\/suasesport.com\/ca\/wp-json\/wp\/v2\/users\/1"}],"replies":[{"embeddable":true,"href":"https:\/\/suasesport.com\/ca\/wp-json\/wp\/v2\/comments?post=11669"}],"version-history":[{"count":6,"href":"https:\/\/suasesport.com\/ca\/wp-json\/wp\/v2\/posts\/11669\/revisions"}],"predecessor-version":[{"id":11675,"href":"https:\/\/suasesport.com\/ca\/wp-json\/wp\/v2\/posts\/11669\/revisions\/11675"}],"wp:featuredmedia":[{"embeddable":true,"href":"https:\/\/suasesport.com\/ca\/wp-json\/wp\/v2\/media\/11666"}],"wp:attachment":[{"href":"https:\/\/suasesport.com\/ca\/wp-json\/wp\/v2\/media?parent=11669"}],"wp:term":[{"taxonomy":"category","embeddable":true,"href":"https:\/\/suasesport.com\/ca\/wp-json\/wp\/v2\/categories?post=11669"},{"taxonomy":"post_tag","embeddable":true,"href":"https:\/\/suasesport.com\/ca\/wp-json\/wp\/v2\/tags?post=11669"}],"curies":[{"name":"wp","href":"https:\/\/api.w.org\/{rel}","templated":true}]}}