{"id":10735,"date":"2023-03-11T15:05:04","date_gmt":"2023-03-11T14:05:04","guid":{"rendered":"https:\/\/suasesport.com\/?p=10735"},"modified":"2023-03-11T15:05:33","modified_gmt":"2023-03-11T14:05:33","slug":"al-paidos-mar-denia-f-fernandez-nomes-li-val-el-triomf-davant-el-vistalegre","status":"publish","type":"post","link":"https:\/\/suasesport.com\/ca\/al-paidos-mar-denia-f-fernandez-nomes-li-val-el-triomf-davant-el-vistalegre\/","title":{"rendered":"Al Paidos Mar D\u00e9nia F. Fern\u00e1ndez nom\u00e9s li val el triomf davant el Vistalegre"},"content":{"rendered":"\n<p>El Paidos Mar D\u00e9nia Fontaner\u00eda Fern\u00e1ndez repr\u00e9n la competici\u00f3 i ho fa jugant contra un rival directe, el Vistalegre de M\u00farcia. Als col\u00b7legials, que estan en llocs de descens, nom\u00e9s els val el triomf ja que s\u00f3n pen\u00faltims i tenen quatre punts menys que el conjunt murci\u00e0. <\/p>\n\n\n\n<p>L&#8217;equip de Paco Pastor tractar\u00e0 de repetir el triomf aconseguit en la primera volta, en la qual guanyava per 6-2. <\/p>\n\n\n\n<p>El Vistalegre, que \u00e9s el tretz\u00e9, afronta l&#8217;encontre amb la intenci\u00f3 que els tres punts es queden a casa. Saben de la import\u00e0ncia guanyar, perqu\u00e8 si ho fan, faran un pas avant de cara a salvar la categoria i deixaran a l&#8217;equip denier a set punts. <\/p>\n\n\n\n<p>El partit es juga hui dissabte en el Pavell\u00f3 F\u00e9lix Rodr\u00edguez de la Font de M\u00farcia a les 19 hores. <\/p>\n\n\n","protected":false},"excerpt":{"rendered":"<p>El Paidos Mar D\u00e9nia Fontaner\u00eda Fern\u00e1ndez repr\u00e9n la competici\u00f3 i ho fa jugant contra un rival directe, el Vistalegre de M\u00farcia. Als col\u00b7legials, que estan en llocs de descens, nom\u00e9s els val el triomf ja que s\u00f3n pen\u00faltims i tenen quatre punts menys que el conjunt murci\u00e0. L&#8217;equip de Paco Pastor tractar\u00e0 de repetir el&hellip; <a class=\"more-link\" href=\"https:\/\/suasesport.com\/ca\/al-paidos-mar-denia-f-fernandez-nomes-li-val-el-triomf-davant-el-vistalegre\/\">Continueu llegint <span class=\"screen-reader-text\">Al Paidos Mar D\u00e9nia F. Fern\u00e1ndez nom\u00e9s li val el triomf davant el Vistalegre<\/span><\/a><\/p>\n","protected":false},"author":1,"featured_media":10733,"comment_status":"open","ping_status":"open","sticky":false,"template":"","format":"standard","meta":{"footnotes":""},"categories":[141,96],"tags":[],"class_list":["post-10735","post","type-post","status-publish","format-standard","has-post-thumbnail","hentry","category-divisio-honor-juvenil-f-sala-ca","category-f-sala-ca","entry"],"_links":{"self":[{"href":"https:\/\/suasesport.com\/ca\/wp-json\/wp\/v2\/posts\/10735","targetHints":{"allow":["GET"]}}],"collection":[{"href":"https:\/\/suasesport.com\/ca\/wp-json\/wp\/v2\/posts"}],"about":[{"href":"https:\/\/suasesport.com\/ca\/wp-json\/wp\/v2\/types\/post"}],"author":[{"embeddable":true,"href":"https:\/\/suasesport.com\/ca\/wp-json\/wp\/v2\/users\/1"}],"replies":[{"embeddable":true,"href":"https:\/\/suasesport.com\/ca\/wp-json\/wp\/v2\/comments?post=10735"}],"version-history":[{"count":2,"href":"https:\/\/suasesport.com\/ca\/wp-json\/wp\/v2\/posts\/10735\/revisions"}],"predecessor-version":[{"id":10738,"href":"https:\/\/suasesport.com\/ca\/wp-json\/wp\/v2\/posts\/10735\/revisions\/10738"}],"wp:featuredmedia":[{"embeddable":true,"href":"https:\/\/suasesport.com\/ca\/wp-json\/wp\/v2\/media\/10733"}],"wp:attachment":[{"href":"https:\/\/suasesport.com\/ca\/wp-json\/wp\/v2\/media?parent=10735"}],"wp:term":[{"taxonomy":"category","embeddable":true,"href":"https:\/\/suasesport.com\/ca\/wp-json\/wp\/v2\/categories?post=10735"},{"taxonomy":"post_tag","embeddable":true,"href":"https:\/\/suasesport.com\/ca\/wp-json\/wp\/v2\/tags?post=10735"}],"curies":[{"name":"wp","href":"https:\/\/api.w.org\/{rel}","templated":true}]}}